{"id":43494,"date":"2021-11-01T21:34:01","date_gmt":"2021-11-02T00:34:01","guid":{"rendered":"https:\/\/vocesparalelas.com.ar\/sitio\/?p=43494"},"modified":"2021-11-02T10:36:17","modified_gmt":"2021-11-02T13:36:17","slug":"presentan-las-3-revista-de-divulgacion-cientifica-de-adicus-contribuciones-cientificas-preuniversitarias-y-universitarias","status":"publish","type":"post","link":"https:\/\/vocesparalelas.com.ar\/sitio\/presentan-las-3-revista-de-divulgacion-cientifica-de-adicus-contribuciones-cientificas-preuniversitarias-y-universitarias\/","title":{"rendered":"Presentan las 3\u00b0 Revista de Divulgaci\u00f3n Cient\u00edfica de ADICUS \u00abContribuciones Cient\u00edficas Preuniversitarias y Universitarias\u00bb"},"content":{"rendered":"<p>El Martes, 02 de Noviembre, a las 19 horas, se realiza la presentaci\u00f3n virtual del tercer n\u00famero de la Revista de Divulgaci\u00f3n Cient\u00edfica de ADICUS \u00abContribuciones Cient\u00edficas Preuniversitarias y Universitarias\u00bb.<\/p>\n<p>En la misma est\u00e1n presentes los autores de este n\u00famero, la Mesa Ejecutiva de ADICUS y miembros de la Federaci\u00f3n Conadu Hist\u00f3rica.<\/p>\n<p>Para ver la transmisi\u00f3n lo puede hacer desde el Canal de YouTube: ADICUS SAN JUAN o ingresando al siguiente link <a href=\"https:\/\/youtu.be\/ZA0-tKEoVCg\">https:\/\/youtu.be\/ZA0-tKEoVCg<\/a><\/p>\n<p>#ADICUS #ElGremioUniversitario #contribucionescient\u00edficas #Revista<\/p>\n<p>&nbsp;<\/p>\n<p><img loading=\"lazy\" decoding=\"async\" class=\"alignnone wp-image-43498 size-full\" src=\"https:\/\/vocesparalelas.com.ar\/sitio\/wp-content\/uploads\/2021\/11\/adicus-revista.jpg\" alt=\"\" width=\"819\" height=\"1024\" \/><\/p>\n<p>&nbsp;<\/p>\n<p><img loading=\"lazy\" decoding=\"async\" class=\"alignnone wp-image-15835 size-large\" src=\"https:\/\/vocesparalelas.com.ar\/sitio\/wp-content\/uploads\/2018\/10\/ADICUS-EDIFICIO-800x531.jpg\" alt=\"\" width=\"800\" height=\"531\" srcset=\"https:\/\/vocesparalelas.com.ar\/sitio\/wp-content\/uploads\/2018\/10\/ADICUS-EDIFICIO-800x531.jpg 800w, https:\/\/vocesparalelas.com.ar\/sitio\/wp-content\/uploads\/2018\/10\/ADICUS-EDIFICIO-300x199.jpg 300w, https:\/\/vocesparalelas.com.ar\/sitio\/wp-content\/uploads\/2018\/10\/ADICUS-EDIFICIO-768x510.jpg 768w, https:\/\/vocesparalelas.com.ar\/sitio\/wp-content\/uploads\/2018\/10\/ADICUS-EDIFICIO.jpg 1000w\" sizes=\"auto, (max-width: 800px) 100vw, 800px\" \/><\/p>\n","protected":false},"excerpt":{"rendered":"<p>El Martes, 02 de Noviembre, a las 19 horas, se realiza la presentaci\u00f3n virtual del tercer n\u00famero de la Revista<\/p>\n","protected":false},"author":3,"featured_media":30792,"comment_status":"closed","ping_status":"closed","sticky":false,"template":"","format":"standard","meta":{"_acf_changed":false,"_seopress_robots_primary_cat":"none","_seopress_titles_title":"","_seopress_titles_desc":"","_seopress_robots_index":"","colormag_page_container_layout":"default_layout","colormag_page_sidebar_layout":"default_layout","footnotes":""},"categories":[1],"tags":[],"class_list":["post-43494","post","type-post","status-publish","format-standard","has-post-thumbnail","hentry","category-destacadas"],"acf":[],"_links":{"self":[{"href":"https:\/\/vocesparalelas.com.ar\/sitio\/wp-json\/wp\/v2\/posts\/43494","targetHints":{"allow":["GET"]}}],"collection":[{"href":"https:\/\/vocesparalelas.com.ar\/sitio\/wp-json\/wp\/v2\/posts"}],"about":[{"href":"https:\/\/vocesparalelas.com.ar\/sitio\/wp-json\/wp\/v2\/types\/post"}],"author":[{"embeddable":true,"href":"https:\/\/vocesparalelas.com.ar\/sitio\/wp-json\/wp\/v2\/users\/3"}],"replies":[{"embeddable":true,"href":"https:\/\/vocesparalelas.com.ar\/sitio\/wp-json\/wp\/v2\/comments?post=43494"}],"version-history":[{"count":3,"href":"https:\/\/vocesparalelas.com.ar\/sitio\/wp-json\/wp\/v2\/posts\/43494\/revisions"}],"predecessor-version":[{"id":43499,"href":"https:\/\/vocesparalelas.com.ar\/sitio\/wp-json\/wp\/v2\/posts\/43494\/revisions\/43499"}],"wp:featuredmedia":[{"embeddable":true,"href":"https:\/\/vocesparalelas.com.ar\/sitio\/wp-json\/wp\/v2\/media\/30792"}],"wp:attachment":[{"href":"https:\/\/vocesparalelas.com.ar\/sitio\/wp-json\/wp\/v2\/media?parent=43494"}],"wp:term":[{"taxonomy":"category","embeddable":true,"href":"https:\/\/vocesparalelas.com.ar\/sitio\/wp-json\/wp\/v2\/categories?post=43494"},{"taxonomy":"post_tag","embeddable":true,"href":"https:\/\/vocesparalelas.com.ar\/sitio\/wp-json\/wp\/v2\/tags?post=43494"}],"curies":[{"name":"wp","href":"https:\/\/api.w.org\/{rel}","templated":true}]}}