{"id":43484,"date":"2021-11-01T21:59:15","date_gmt":"2021-11-02T00:59:15","guid":{"rendered":"https:\/\/vocesparalelas.com.ar\/sitio\/?p=43484"},"modified":"2021-11-03T11:55:11","modified_gmt":"2021-11-03T14:55:11","slug":"san-juan-ofrece-tratamientos-gratuitos-para-dejar-de-fumar","status":"publish","type":"post","link":"https:\/\/vocesparalelas.com.ar\/sitio\/san-juan-ofrece-tratamientos-gratuitos-para-dejar-de-fumar\/","title":{"rendered":"San Juan ofrece tratamientos gratuitos para dejar de fumar"},"content":{"rendered":"<p>El Programa Provincial de Control de Tabaco del Ministerio de Salud P\u00fablica del Gobierno de San Juan, dependiente de la Direcci\u00f3n de Programas Nacionales de Salud pone a disposici\u00f3n tratamientos completamente gratuitos para aquellas personas que desean dejar de fumar. En tal sentido son 19 los centros de salud que se han constituido con un equipo interdisciplinario compuesto por nutricionistas, psic\u00f3logos y el m\u00e9dico, siendo este \u00faltimo quien prescribe la medicaci\u00f3n.<\/p>\n<p>As\u00ed lo describe la Dra. Helia Pereyra, referente del programa, quien explic\u00f3 que \u00abes necesario el equipo que acompa\u00f1a y apoya al paciente que ha tomado la dif\u00edcil decisi\u00f3n de dejar esta radicci\u00f3n\u201d.<\/p>\n<p>En estos dos \u00faltimos a\u00f1os, de acuerdo a estad\u00edsticas oficiales se ha determinado que el 22% de los sanjuaninos fuma, y que un 13% refleja que padece alguna enfermedad no transmisible, como por ejemplo enfermedad pulmonar obstructiva cr\u00f3nica &#8211; EPOC -, hipertensi\u00f3n, diabetes, asma, entre otras, constituyendo un agravante para su salud.<\/p>\n<p>Consultada acerca de la edad promedio en la que se inicia la poblaci\u00f3n, dijo que ronda los 13 a\u00f1os y asegur\u00f3 que tambi\u00e9n es preocupante el uso indiscriminado de cigarrillos electr\u00f3nicos. Como se sabe, est\u00e1 prohibida su comercializaci\u00f3n por ANMAT, organismo que controla y monitoriza alimentos, suplementos dietarios, etc. de venta libre.<\/p>\n<p><strong><span style=\"color: #ff0000;\">Centros de salud donde solicitar atenci\u00f3n y turno para dejar de fumar<\/span><\/strong><\/p>\n<p><span style=\"color: #ff0000;\"><strong>Departamento Capital<\/strong><\/span><\/p>\n<ul>\n<li>Centro de Salud Dr. Alfonso Barassi<\/li>\n<li>Lunes a Viernes 08:00 a 12:00 hs.<\/li>\n<li>Dra. Agustina Erostarbe<\/li>\n<\/ul>\n<p><span style=\"color: #ff0000;\"><strong>Departamento Santa Luc\u00eda<\/strong><\/span><\/p>\n<ul>\n<li>Centro de Salud Dr. Horacio Grillo<\/li>\n<li>Lunes a Viernes 08:00 a 12:00 hs.<\/li>\n<li>Dra. Mar\u00eda del Valle Ag\u00fcero<\/li>\n<\/ul>\n<p><span style=\"color: #ff0000;\"><strong>Departamento Chimbas<\/strong><\/span><\/p>\n<ul>\n<li>Centro de Salud Villa Observatorio<\/li>\n<li>Lunes a Viernes 08:00 a 12:00 hs.<\/li>\n<li>Dra. Fernanda D\u00edaz<\/li>\n<\/ul>\n<p>&nbsp;<\/p>\n<ul>\n<li>Centro Salud Mariano Moreno<\/li>\n<li>Lunes, Mi\u00e9rcoles y Viernes 08:00 a 13:00 hs.<\/li>\n<\/ul>\n<p><span style=\"color: #ff0000;\"><strong>Departamento 9 de Julio<\/strong><\/span><\/p>\n<ul>\n<li>Centro de Salud Arturo de la Colina<\/li>\n<li>Lunes a Viernes 08:00 a 13:00 &#8211; 14:00 a 17:00 hs.<\/li>\n<li>Dra. Laura Conti<\/li>\n<\/ul>\n<p><span style=\"color: #ff0000;\"><strong>Departamento 25 de Mayo<\/strong><\/span><\/p>\n<ul>\n<li>Htal. de Santa Rosa<\/li>\n<li>Lunes a Viernes 08:00 a 13:00 hs.<\/li>\n<li>Dra. Jaqueline Auger<\/li>\n<\/ul>\n<p><span style=\"color: #ff0000;\"><strong>Departamento San Mart\u00edn<\/strong><\/span><\/p>\n<ul>\n<li>Centro de Salud Arnoldo Jassen<\/li>\n<li>Lunes a Viernes 08;00 a 12:00 hs.<\/li>\n<li>Dra. Celina Ferreyra<\/li>\n<\/ul>\n<p><span style=\"color: #ff0000;\"><strong>Departamento Angaco<\/strong><\/span><\/p>\n<ul>\n<li>Htal. Dr. Rizzo Esparza<\/li>\n<li>Lunes, Mi\u00e9rcoles y Viernes<\/li>\n<\/ul>\n<p><span style=\"color: #ff0000;\"><strong>Departamento Albard\u00f3n<\/strong><\/span><\/p>\n<ul>\n<li>CIC La Laja<\/li>\n<li>Lunes a Viernes 08:00 a 12:00 hs.<\/li>\n<li>Dra. Mariana Ponce<\/li>\n<\/ul>\n<p>&nbsp;<\/p>\n<ul>\n<li>Centro de Salud Campo Afuera<\/li>\n<li>Lunes a Viernes 08:00 a 12:00 hs.<\/li>\n<li>Dra. Jesica Dom\u00ednguez<\/li>\n<\/ul>\n<p>&nbsp;<\/p>\n<ul>\n<li>Centro de Salud Las Lomitas<\/li>\n<li>Lunes a Viernes 08:00 a 12:00 hs.<\/li>\n<li>Dra. Iris Casta\u00f1eda<\/li>\n<\/ul>\n<p><span style=\"color: #ff0000;\"><strong>Departamento Iglesia &#8211; Localidad Las Flores<\/strong><\/span><\/p>\n<ul>\n<li>Centro de Salud Dr. Juan Carbajal<\/li>\n<li>Lunes a Viernes 08:00 a 13:00 hs.<\/li>\n<li>Dra. Cecilia Ort\u00edz<\/li>\n<\/ul>\n<p><span style=\"color: #ff0000;\"><strong>Departamento Rivadavia<\/strong><\/span><\/p>\n<ul>\n<li>Centro de Salud B\u00b0 Parque Rivadavia Norte<\/li>\n<li>Lunes a Viernes 08:00 a 12:00 hs.<\/li>\n<li>Dra. Sabrina Quiroga<\/li>\n<\/ul>\n<p>&nbsp;<\/p>\n<ul>\n<li>Centro de Salud B\u00b0 Aramburu<\/li>\n<li>Lunes a Viernes 08:00 a 12:00 hs.<\/li>\n<li>Dra. Ana S\u00e1nchez<\/li>\n<\/ul>\n<p><span style=\"color: #ff0000;\"><strong>Departamento Pocito<\/strong><\/span><\/p>\n<ul>\n<li>Htal. Dr. Federico Cantoni<\/li>\n<li>Lunew a Viernes 14:00 a 17:00 hs.<\/li>\n<li>Dra. Cecilia Godoy<\/li>\n<\/ul>\n<p><span style=\"color: #ff0000;\"><strong>Departamento Rawson<\/strong><\/span><\/p>\n<ul>\n<li>Centro de Adiestramiento Rawson<\/li>\n<li>Lunes a Viernes 14:30 a 18:30 hs.<\/li>\n<li>Dra. Valeria Lencina &#8211; Dr. Oscar Andrada<\/li>\n<\/ul>\n<p>&nbsp;<\/p>\n<ul>\n<li>Centro de Salud B\u00b0 Valle Grande<\/li>\n<li>Lunes a Viernes 08:00 a 12:00 y 14:00 a 17:00 hs<\/li>\n<li>Dra. Claudis Senar &#8211; Dra. Gabriela Oti\u00f1ano<\/li>\n<\/ul>\n<p>&nbsp;<\/p>\n<ul>\n<li>Centro de Salud Elio Cantoni<\/li>\n<li>Lunes a Viernes 08:00 a 12:00 hs.<\/li>\n<li>Dr. Camargo<\/li>\n<\/ul>\n<p>&nbsp;<\/p>\n<ul>\n<li>Centro de Salud R\u00edo Blanco<\/li>\n<li>Lunes a Viernes 14:00 a 17:00 hs.<\/li>\n<li>Dra. Julieta Galindo<\/li>\n<\/ul>\n","protected":false},"excerpt":{"rendered":"<p>El Programa Provincial de Control de Tabaco del Ministerio de Salud P\u00fablica del Gobierno de San Juan, dependiente de la<\/p>\n","protected":false},"author":3,"featured_media":43486,"comment_status":"closed","ping_status":"closed","sticky":false,"template":"","format":"standard","meta":{"_acf_changed":false,"_seopress_robots_primary_cat":"none","_seopress_titles_title":"","_seopress_titles_desc":"","_seopress_robots_index":"","colormag_page_container_layout":"default_layout","colormag_page_sidebar_layout":"default_layout","footnotes":""},"categories":[5],"tags":[],"class_list":["post-43484","post","type-post","status-publish","format-standard","has-post-thumbnail","hentry","category-ofrecimientos"],"acf":[],"_links":{"self":[{"href":"https:\/\/vocesparalelas.com.ar\/sitio\/wp-json\/wp\/v2\/posts\/43484","targetHints":{"allow":["GET"]}}],"collection":[{"href":"https:\/\/vocesparalelas.com.ar\/sitio\/wp-json\/wp\/v2\/posts"}],"about":[{"href":"https:\/\/vocesparalelas.com.ar\/sitio\/wp-json\/wp\/v2\/types\/post"}],"author":[{"embeddable":true,"href":"https:\/\/vocesparalelas.com.ar\/sitio\/wp-json\/wp\/v2\/users\/3"}],"replies":[{"embeddable":true,"href":"https:\/\/vocesparalelas.com.ar\/sitio\/wp-json\/wp\/v2\/comments?post=43484"}],"version-history":[{"count":1,"href":"https:\/\/vocesparalelas.com.ar\/sitio\/wp-json\/wp\/v2\/posts\/43484\/revisions"}],"predecessor-version":[{"id":43487,"href":"https:\/\/vocesparalelas.com.ar\/sitio\/wp-json\/wp\/v2\/posts\/43484\/revisions\/43487"}],"wp:featuredmedia":[{"embeddable":true,"href":"https:\/\/vocesparalelas.com.ar\/sitio\/wp-json\/wp\/v2\/media\/43486"}],"wp:attachment":[{"href":"https:\/\/vocesparalelas.com.ar\/sitio\/wp-json\/wp\/v2\/media?parent=43484"}],"wp:term":[{"taxonomy":"category","embeddable":true,"href":"https:\/\/vocesparalelas.com.ar\/sitio\/wp-json\/wp\/v2\/categories?post=43484"},{"taxonomy":"post_tag","embeddable":true,"href":"https:\/\/vocesparalelas.com.ar\/sitio\/wp-json\/wp\/v2\/tags?post=43484"}],"curies":[{"name":"wp","href":"https:\/\/api.w.org\/{rel}","templated":true}]}}