{"id":43453,"date":"2021-10-31T18:46:45","date_gmt":"2021-10-31T21:46:45","guid":{"rendered":"https:\/\/vocesparalelas.com.ar\/sitio\/?p=43453"},"modified":"2021-10-31T21:46:58","modified_gmt":"2021-11-01T00:46:58","slug":"entrenamiento-de-empleo-en-el-sector-privado","status":"publish","type":"post","link":"https:\/\/vocesparalelas.com.ar\/sitio\/entrenamiento-de-empleo-en-el-sector-privado\/","title":{"rendered":"Entrenamiento de empleo en el sector privado"},"content":{"rendered":"<p>La municipalidad de Rivadavia informa que a trav\u00e9s del Programa J\u00f3venes Con M\u00e1s y Mejor Trabajo, del Ministerio de Trabajo Empleo y Seguridad Social, durante los meses de Septiembre y octubre, 30 chicos iniciaron sus pasant\u00edas laborales en diferentes comercios del departamento.<\/p>\n<p>Estas pasant\u00edas tienen una duraci\u00f3n de 6 meses con un beneficio econ\u00f3mico de $15000 por mes.<\/p>\n<p>En lo que va del 2021 se realizaron m\u00e1s de 50 cursos, lo que signific\u00f3 una inyecci\u00f3n econ\u00f3mica de casi veinte millones de pesos, en el departamento Rivadavia.<\/p>\n","protected":false},"excerpt":{"rendered":"<p>La municipalidad de Rivadavia informa que a trav\u00e9s del Programa J\u00f3venes Con M\u00e1s y Mejor Trabajo, del Ministerio de Trabajo<\/p>\n","protected":false},"author":3,"featured_media":43451,"comment_status":"closed","ping_status":"closed","sticky":false,"template":"","format":"standard","meta":{"_acf_changed":false,"_seopress_robots_primary_cat":"none","_seopress_titles_title":"","_seopress_titles_desc":"","_seopress_robots_index":"","colormag_page_container_layout":"default_layout","colormag_page_sidebar_layout":"default_layout","footnotes":""},"categories":[1],"tags":[],"class_list":["post-43453","post","type-post","status-publish","format-standard","has-post-thumbnail","hentry","category-destacadas"],"acf":[],"_links":{"self":[{"href":"https:\/\/vocesparalelas.com.ar\/sitio\/wp-json\/wp\/v2\/posts\/43453","targetHints":{"allow":["GET"]}}],"collection":[{"href":"https:\/\/vocesparalelas.com.ar\/sitio\/wp-json\/wp\/v2\/posts"}],"about":[{"href":"https:\/\/vocesparalelas.com.ar\/sitio\/wp-json\/wp\/v2\/types\/post"}],"author":[{"embeddable":true,"href":"https:\/\/vocesparalelas.com.ar\/sitio\/wp-json\/wp\/v2\/users\/3"}],"replies":[{"embeddable":true,"href":"https:\/\/vocesparalelas.com.ar\/sitio\/wp-json\/wp\/v2\/comments?post=43453"}],"version-history":[{"count":1,"href":"https:\/\/vocesparalelas.com.ar\/sitio\/wp-json\/wp\/v2\/posts\/43453\/revisions"}],"predecessor-version":[{"id":43455,"href":"https:\/\/vocesparalelas.com.ar\/sitio\/wp-json\/wp\/v2\/posts\/43453\/revisions\/43455"}],"wp:featuredmedia":[{"embeddable":true,"href":"https:\/\/vocesparalelas.com.ar\/sitio\/wp-json\/wp\/v2\/media\/43451"}],"wp:attachment":[{"href":"https:\/\/vocesparalelas.com.ar\/sitio\/wp-json\/wp\/v2\/media?parent=43453"}],"wp:term":[{"taxonomy":"category","embeddable":true,"href":"https:\/\/vocesparalelas.com.ar\/sitio\/wp-json\/wp\/v2\/categories?post=43453"},{"taxonomy":"post_tag","embeddable":true,"href":"https:\/\/vocesparalelas.com.ar\/sitio\/wp-json\/wp\/v2\/tags?post=43453"}],"curies":[{"name":"wp","href":"https:\/\/api.w.org\/{rel}","templated":true}]}}