{"id":43449,"date":"2021-10-31T21:43:35","date_gmt":"2021-11-01T00:43:35","guid":{"rendered":"https:\/\/vocesparalelas.com.ar\/sitio\/?p=43449"},"modified":"2021-11-03T01:39:34","modified_gmt":"2021-11-03T04:39:34","slug":"cursos-disponibles-y-requisitos-en-rivadavia","status":"publish","type":"post","link":"https:\/\/vocesparalelas.com.ar\/sitio\/cursos-disponibles-y-requisitos-en-rivadavia\/","title":{"rendered":"Cursos disponibles y requisitos en Rivadavia"},"content":{"rendered":"<p>La Municipalidad de Rivadavia informa que est\u00e1n disponibles los Programa J\u00f3venes con M\u00e1s y Mejor Trabajo: Curso de Introducci\u00f3n al Trabajo, Apoyo a la Empleabilidad e Integraci\u00f3n Social, Club de Empleo Joven y Apoyo a la B\u00fasqueda de Trabajo.<\/p>\n<p><strong><span style=\"color: #339966;\">Requisitos<\/span><\/strong><\/p>\n<ul>\n<li>Edad: entre 18 y 24 a\u00f1os,<\/li>\n<li>Estar desocupado,<\/li>\n<li>Tener primario o secundario incompleto.<\/li>\n<\/ul>\n<p>Programa Promover: Apoyo en la b\u00fasqueda de Empleo, Orientaci\u00f3n Laboral y Orientaci\u00f3n al Trabajo Independiente.<\/p>\n<p><strong><span style=\"color: #339966;\">Requisitos<\/span><\/strong><\/p>\n<ul>\n<li>Edad: mayor de 18 a\u00f1os,<\/li>\n<li>Estar desocupado,<\/li>\n<li>Presentar CUD (Certificado \u00danico de Discapacidad) actualizado.<\/li>\n<\/ul>\n<p>Para conocer m\u00e1s sobre estos programas ac\u00e9rcate por la Oficina de Empleo, ubicada en el Anexo Central de Av. Libertador Gral. San Mart\u00edn 5135 (o), de lunes a viernes de 7.30 a 12.30 hs. Tambi\u00e9n podes comunicarte al 2645614327 o <a href=\"mailto:empleo@rivadavia.gob.ar\">empleo@rivadavia.gob.ar<\/a><\/p>\n<p>&nbsp;<\/p>\n<p><img loading=\"lazy\" decoding=\"async\" class=\"alignnone wp-image-42675 size-large\" src=\"https:\/\/vocesparalelas.com.ar\/sitio\/wp-content\/uploads\/2021\/10\/RIVADAVIA-LOGO-800x600.jpg\" alt=\"\" width=\"800\" height=\"600\" srcset=\"https:\/\/vocesparalelas.com.ar\/sitio\/wp-content\/uploads\/2021\/10\/RIVADAVIA-LOGO-800x600.jpg 800w, https:\/\/vocesparalelas.com.ar\/sitio\/wp-content\/uploads\/2021\/10\/RIVADAVIA-LOGO-300x225.jpg 300w, https:\/\/vocesparalelas.com.ar\/sitio\/wp-content\/uploads\/2021\/10\/RIVADAVIA-LOGO-768x576.jpg 768w, https:\/\/vocesparalelas.com.ar\/sitio\/wp-content\/uploads\/2021\/10\/RIVADAVIA-LOGO.jpg 1024w\" sizes=\"auto, (max-width: 800px) 100vw, 800px\" \/><\/p>\n<p>&nbsp;<\/p>\n","protected":false},"excerpt":{"rendered":"<p>La Municipalidad de Rivadavia informa que est\u00e1n disponibles los Programa J\u00f3venes con M\u00e1s y Mejor Trabajo: Curso de Introducci\u00f3n al<\/p>\n","protected":false},"author":3,"featured_media":21044,"comment_status":"closed","ping_status":"closed","sticky":false,"template":"","format":"standard","meta":{"_acf_changed":false,"_seopress_robots_primary_cat":"none","_seopress_titles_title":"","_seopress_titles_desc":"","_seopress_robots_index":"","colormag_page_container_layout":"default_layout","colormag_page_sidebar_layout":"default_layout","footnotes":""},"categories":[9],"tags":[],"class_list":["post-43449","post","type-post","status-publish","format-standard","has-post-thumbnail","hentry","category-cursos"],"acf":[],"_links":{"self":[{"href":"https:\/\/vocesparalelas.com.ar\/sitio\/wp-json\/wp\/v2\/posts\/43449","targetHints":{"allow":["GET"]}}],"collection":[{"href":"https:\/\/vocesparalelas.com.ar\/sitio\/wp-json\/wp\/v2\/posts"}],"about":[{"href":"https:\/\/vocesparalelas.com.ar\/sitio\/wp-json\/wp\/v2\/types\/post"}],"author":[{"embeddable":true,"href":"https:\/\/vocesparalelas.com.ar\/sitio\/wp-json\/wp\/v2\/users\/3"}],"replies":[{"embeddable":true,"href":"https:\/\/vocesparalelas.com.ar\/sitio\/wp-json\/wp\/v2\/comments?post=43449"}],"version-history":[{"count":1,"href":"https:\/\/vocesparalelas.com.ar\/sitio\/wp-json\/wp\/v2\/posts\/43449\/revisions"}],"predecessor-version":[{"id":43452,"href":"https:\/\/vocesparalelas.com.ar\/sitio\/wp-json\/wp\/v2\/posts\/43449\/revisions\/43452"}],"wp:featuredmedia":[{"embeddable":true,"href":"https:\/\/vocesparalelas.com.ar\/sitio\/wp-json\/wp\/v2\/media\/21044"}],"wp:attachment":[{"href":"https:\/\/vocesparalelas.com.ar\/sitio\/wp-json\/wp\/v2\/media?parent=43449"}],"wp:term":[{"taxonomy":"category","embeddable":true,"href":"https:\/\/vocesparalelas.com.ar\/sitio\/wp-json\/wp\/v2\/categories?post=43449"},{"taxonomy":"post_tag","embeddable":true,"href":"https:\/\/vocesparalelas.com.ar\/sitio\/wp-json\/wp\/v2\/tags?post=43449"}],"curies":[{"name":"wp","href":"https:\/\/api.w.org\/{rel}","templated":true}]}}