{"id":43395,"date":"2021-10-30T00:00:37","date_gmt":"2021-10-30T03:00:37","guid":{"rendered":"https:\/\/vocesparalelas.com.ar\/sitio\/?p=43395"},"modified":"2021-10-31T21:49:25","modified_gmt":"2021-11-01T00:49:25","slug":"elecciones-para-la-renovacion-de-autoridades-periodo-2021-2024-en-el-gremio-sidunsj","status":"publish","type":"post","link":"https:\/\/vocesparalelas.com.ar\/sitio\/elecciones-para-la-renovacion-de-autoridades-periodo-2021-2024-en-el-gremio-sidunsj\/","title":{"rendered":"Elecciones para la renovaci\u00f3n de autoridades periodo 2021-2024 en el gremio SIDUNSJ"},"content":{"rendered":"<p>El Mi\u00e9rcoles, 1 de Diciembre de 2021 el gremio SIDUNSJ desarrolla las elecciones para renovaci\u00f3n de Comisi\u00f3n Directiva, Comisi\u00f3n Revisora de Cuentas y Congresales a la Federaci\u00f3n para el periodo 2021-2024.<\/p>\n<p>Al respecto, la Junta Electoral informa que, en cumplimiento de los plazos establecidos por el estatuto de la instituci\u00f3n, han quedado oficializadas dos Listas que son:<\/p>\n<ul>\n<li>Lista N\u00b0 3 \u201cCompromiso Sindical Docente\u201d y<\/li>\n<li>Lista N\u00ba 10 \u201c22 de Noviembre\u201d<\/li>\n<\/ul>\n<p><img loading=\"lazy\" decoding=\"async\" class=\"wp-image-43401 size-full aligncenter\" src=\"https:\/\/vocesparalelas.com.ar\/sitio\/wp-content\/uploads\/2021\/10\/LISTA-GREMIO-LOGO.jpg\" alt=\"\" width=\"347\" height=\"206\" srcset=\"https:\/\/vocesparalelas.com.ar\/sitio\/wp-content\/uploads\/2021\/10\/LISTA-GREMIO-LOGO.jpg 347w, https:\/\/vocesparalelas.com.ar\/sitio\/wp-content\/uploads\/2021\/10\/LISTA-GREMIO-LOGO-300x178.jpg 300w\" sizes=\"auto, (max-width: 347px) 100vw, 347px\" \/><\/p>\n<p>Seg\u00fan Resoluci\u00f3n de Oficializaci\u00f3n de la Junta Electoral SIDUNSJ, ambas listas presentan candidatos a la totalidad de los cargos.<\/p>\n<p><img loading=\"lazy\" decoding=\"async\" class=\"alignnone wp-image-43400 size-large\" src=\"https:\/\/vocesparalelas.com.ar\/sitio\/wp-content\/uploads\/2021\/10\/ELECCIONES-GREMIO-800x800.jpg\" alt=\"\" width=\"800\" height=\"800\" \/><\/p>\n<p><span style=\"color: #3366ff;\"><strong>Candidatos e integrantes de cada Lista<\/strong><\/span><\/p>\n<p><span style=\"color: #ff6600;\"><strong>Lista N\u00b0 3 \u201cCompromiso Sindical Docente\u201d <\/strong><\/span><\/p>\n<p><span style=\"color: #ff6600;\"><strong>Candidatos a Comisi\u00f3n Directiva<\/strong><\/span><\/p>\n<ul>\n<li>Secretario General: Vergalito, Esteban Nelson<\/li>\n<li>Secretario Adjunta: Guiterman, Ivana Alejandra<\/li>\n<li>Secretario Gremial: De Vita, Liliana Edith<\/li>\n<li>Secretario de Prensa: Aguiar Masuelli, Guadalupe<\/li>\n<li>Secretario Administrativa y de Finanzas: Ortiz Rochetti, Eliseo Ernesto<\/li>\n<li>Secretario de Actas: Bustos, Mar\u00eda Ximena<\/li>\n<li>Primera Vocal Titular: Saavedra, Laura Elba<\/li>\n<li>Segunda Vocal Titular: Raso, Laura Elina<\/li>\n<li>Primer Vocal Suplente: Cachi, Alexis Ariel<\/li>\n<li>Segunda Vocal Suplente: Victoria, Martina \u00c9lida<\/li>\n<\/ul>\n<p><span style=\"color: #ff6600;\"><strong>Comisi\u00f3n Revisora de cuentas<\/strong><\/span><\/p>\n<ul>\n<li>Primera Titular: Conte Grand, Geraldine<\/li>\n<li>Segundo Titular: L\u00f3pez, Andr\u00e9s<\/li>\n<li>Tercera Titular: Am\u00edn, Rosa In\u00e9s<\/li>\n<li>Primer Suplente: Rodr\u00edguez, J. Guillermo<\/li>\n<li>Segunda Suplente: Goya, Ivana Sonia<\/li>\n<li>Tercera Suplente: Guardia, M\u00f3nica Edith<\/li>\n<\/ul>\n<p><span style=\"color: #ff6600;\"><strong>Congresales de la Federaci\u00f3n<\/strong><\/span><\/p>\n<ul>\n<li>Primer Congresal Titular: Vergalito, Esteban Nelson<\/li>\n<li>Segunda Congresal Titular: Guiterman, Ivana Alejandra<\/li>\n<li>Tercera Congresal Titular: De Vita, Liliana Edith<\/li>\n<li>Primera Congresal Suplente: Aguiar Masuelli, Guadalupe<\/li>\n<li>Segundo Congresal Suplente:\u00a0 Ortiz Rochetti, Eliseo Ernesto<\/li>\n<li>Tercera Congresal Suplente:\u00a0 Bustos, Mar\u00eda Ximena<\/li>\n<\/ul>\n<p><span style=\"color: #ff6600;\"><strong>Apoderadas<\/strong><\/span><\/p>\n<ul>\n<li>Lloveras Quiroga, Soledad<\/li>\n<li>Jotay\u00e1n, Yanina<\/li>\n<\/ul>\n<p><img loading=\"lazy\" decoding=\"async\" class=\"alignnone wp-image-43410 size-large\" src=\"https:\/\/vocesparalelas.com.ar\/sitio\/wp-content\/uploads\/2021\/10\/SIDUNSJ-LISTA-3-800x565.jpg\" alt=\"\" width=\"800\" height=\"565\" srcset=\"https:\/\/vocesparalelas.com.ar\/sitio\/wp-content\/uploads\/2021\/10\/SIDUNSJ-LISTA-3-800x565.jpg 800w, https:\/\/vocesparalelas.com.ar\/sitio\/wp-content\/uploads\/2021\/10\/SIDUNSJ-LISTA-3-300x212.jpg 300w, https:\/\/vocesparalelas.com.ar\/sitio\/wp-content\/uploads\/2021\/10\/SIDUNSJ-LISTA-3-768x542.jpg 768w, https:\/\/vocesparalelas.com.ar\/sitio\/wp-content\/uploads\/2021\/10\/SIDUNSJ-LISTA-3.jpg 1024w\" sizes=\"auto, (max-width: 800px) 100vw, 800px\" \/><\/p>\n<hr \/>\n<p><strong><span style=\"color: #99cc00;\">Lista N\u00ba 10 \u201c22 de Noviembre\u201d<\/span><\/strong><\/p>\n<p><strong><span style=\"color: #99cc00;\">Candidatos a Comisi\u00f3n Directiva<\/span><\/strong><\/p>\n<ul>\n<li>Secretario General:\u00a0 C\u00f3rdoba, Horacio Wenceslao<\/li>\n<li>Secretario Adjunta: Zalazar, Mar\u00eda Isabel<\/li>\n<li>Secretario Gremial: Fern\u00e1ndez Mendoza, Norberto<\/li>\n<li>Secretario De Prensa: Grimalt S\u00e1nchez, Miguel A.<\/li>\n<li>Secretario Administrativa y de Finanzas: Kummel, Estela Lilian<\/li>\n<li>Secretario de Actas: P\u00e9rez, Marta Lidia<\/li>\n<li>Primer Vocal Titular: P\u00e1ez, Gonzalo David<\/li>\n<li>Segunda Vocal Titular: Mercado, Bertha M.<\/li>\n<li>Primera Vocal Suplente:\u00a0 Moscheni, Margarita<\/li>\n<li>Segundo Vocal Suplente: Avenda\u00f1o, Carlos H.<\/li>\n<\/ul>\n<p><span style=\"color: #99cc00;\"><strong>Comisi\u00f3n Revisora de cuentas<\/strong><\/span><\/p>\n<ul>\n<li>Primer Titular: Gim\u00e9nez, Jorge Daniel<\/li>\n<li>Segundo Titular:\u00a0 Monta\u00f1a, Carlos Washington<\/li>\n<li>Tercera Titular: Antu\u00f1a, Sandra Elizabeth<\/li>\n<li>Primer Suplente: Olivera, Joaqu\u00edn Rogelio<\/li>\n<li>Segundo Suplente: Espinoza, Juan Jos\u00e9<\/li>\n<li>Tercer Suplente: Espejo, Jorge Nicol\u00e1s<\/li>\n<\/ul>\n<p><span style=\"color: #99cc00;\"><strong>Congresales de la Federaci\u00f3n<\/strong><\/span><\/p>\n<ul>\n<li>Primer Congresal Titular: C\u00f3rdoba, Horacio Wenceslao<\/li>\n<li>Segundo Congresal Titular:\u00a0 Fern\u00e1ndez Mendoza, Norberto<\/li>\n<li>Tercera Congresal Titular: Moscheni, Margarita<\/li>\n<li>Primer Congresal Suplente: P\u00e1ez, Gonzalo David<\/li>\n<li>Segunda Congresal Suplente: Zalazar, Mar\u00eda Isabel<\/li>\n<li>Tercera Congresal Suplente: Kummel, Estela Lilian<\/li>\n<\/ul>\n<p><span style=\"color: #99cc00;\"><strong>Apoderado<\/strong><\/span><\/p>\n<ul>\n<li>Monta\u00f1a, Carlos Washington<\/li>\n<\/ul>\n<p>&nbsp;<\/p>\n<p><img loading=\"lazy\" decoding=\"async\" class=\"alignnone wp-image-43399 size-full\" src=\"https:\/\/vocesparalelas.com.ar\/sitio\/wp-content\/uploads\/2021\/10\/LISTA-GREMIO.jpg\" alt=\"\" width=\"720\" height=\"1017\" srcset=\"https:\/\/vocesparalelas.com.ar\/sitio\/wp-content\/uploads\/2021\/10\/LISTA-GREMIO.jpg 720w, https:\/\/vocesparalelas.com.ar\/sitio\/wp-content\/uploads\/2021\/10\/LISTA-GREMIO-212x300.jpg 212w, https:\/\/vocesparalelas.com.ar\/sitio\/wp-content\/uploads\/2021\/10\/LISTA-GREMIO-566x800.jpg 566w\" sizes=\"auto, (max-width: 720px) 100vw, 720px\" \/><\/p>\n","protected":false},"excerpt":{"rendered":"<p>El Mi\u00e9rcoles, 1 de Diciembre de 2021 el gremio SIDUNSJ desarrolla las elecciones para renovaci\u00f3n de Comisi\u00f3n Directiva, Comisi\u00f3n Revisora<\/p>\n","protected":false},"author":3,"featured_media":43398,"comment_status":"closed","ping_status":"closed","sticky":false,"template":"","format":"standard","meta":{"_acf_changed":false,"_seopress_robots_primary_cat":"none","_seopress_titles_title":"","_seopress_titles_desc":"","_seopress_robots_index":"","colormag_page_container_layout":"default_layout","colormag_page_sidebar_layout":"default_layout","footnotes":""},"categories":[10],"tags":[],"class_list":["post-43395","post","type-post","status-publish","format-standard","has-post-thumbnail","hentry","category-opiniones"],"acf":[],"_links":{"self":[{"href":"https:\/\/vocesparalelas.com.ar\/sitio\/wp-json\/wp\/v2\/posts\/43395","targetHints":{"allow":["GET"]}}],"collection":[{"href":"https:\/\/vocesparalelas.com.ar\/sitio\/wp-json\/wp\/v2\/posts"}],"about":[{"href":"https:\/\/vocesparalelas.com.ar\/sitio\/wp-json\/wp\/v2\/types\/post"}],"author":[{"embeddable":true,"href":"https:\/\/vocesparalelas.com.ar\/sitio\/wp-json\/wp\/v2\/users\/3"}],"replies":[{"embeddable":true,"href":"https:\/\/vocesparalelas.com.ar\/sitio\/wp-json\/wp\/v2\/comments?post=43395"}],"version-history":[{"count":3,"href":"https:\/\/vocesparalelas.com.ar\/sitio\/wp-json\/wp\/v2\/posts\/43395\/revisions"}],"predecessor-version":[{"id":43411,"href":"https:\/\/vocesparalelas.com.ar\/sitio\/wp-json\/wp\/v2\/posts\/43395\/revisions\/43411"}],"wp:featuredmedia":[{"embeddable":true,"href":"https:\/\/vocesparalelas.com.ar\/sitio\/wp-json\/wp\/v2\/media\/43398"}],"wp:attachment":[{"href":"https:\/\/vocesparalelas.com.ar\/sitio\/wp-json\/wp\/v2\/media?parent=43395"}],"wp:term":[{"taxonomy":"category","embeddable":true,"href":"https:\/\/vocesparalelas.com.ar\/sitio\/wp-json\/wp\/v2\/categories?post=43395"},{"taxonomy":"post_tag","embeddable":true,"href":"https:\/\/vocesparalelas.com.ar\/sitio\/wp-json\/wp\/v2\/tags?post=43395"}],"curies":[{"name":"wp","href":"https:\/\/api.w.org\/{rel}","templated":true}]}}