{"id":43383,"date":"2021-10-29T20:58:17","date_gmt":"2021-10-29T23:58:17","guid":{"rendered":"https:\/\/vocesparalelas.com.ar\/sitio\/?p=43383"},"modified":"2021-10-31T21:49:51","modified_gmt":"2021-11-01T00:49:51","slug":"curso-gratuito-e-inclusivo-en-informatica-operador-basico-de-pc","status":"publish","type":"post","link":"https:\/\/vocesparalelas.com.ar\/sitio\/curso-gratuito-e-inclusivo-en-informatica-operador-basico-de-pc\/","title":{"rendered":"Curso gratuito e inclusivo en Inform\u00e1tica \u00abOperador B\u00e1sico de PC\u00bb"},"content":{"rendered":"<p>Con el fin de generar espacios de contenci\u00f3n, recreaci\u00f3n y sociabilizaci\u00f3n entre distintos \u00e1mbitos y sectores, el Gobierno de San Juan contin\u00faa desarrollando pol\u00edticas p\u00fablicas de inclusi\u00f3n para personas con discapacidad.<\/p>\n<p>En ese marco, el Ministerio de Desarrollo Humano y Promoci\u00f3n Social del Gobierno de San Juan a trav\u00e9s de la Direcci\u00f3n de Personas con Discapacidad invita a participar del curso gratuito e inclusivo en Inform\u00e1tica \u201cOperador B\u00e1sico de PC\u201d.<\/p>\n<p>El objetivo es trabajar en el dise\u00f1o e implementaci\u00f3n de acciones que garanticen la inclusi\u00f3n social y educativa de las personas con discapacidad, entre ellas, brindar diferentes cursos gratuitos, en este caso como lo es el de inform\u00e1tica y otros que ya est\u00e1n en curso.<\/p>\n<p>Las capacitaciones tienen inicio el Mi\u00e9rcoles, 10 de Noviembre, con una carga horaria de una hora y media semanal dividido en dos grupos, Mi\u00e9rcoles o Viernes, de 9:30 a 11 horas, para mantener y resguardar el cuidado sanitario de los asistentes. Asimismo, el dictado es presencial en las instalaciones de la Direcci\u00f3n, con un cupo limitado para personas de entre 18 a 55 a\u00f1os inclusive.<\/p>\n<p>El objetivo es que los participantes adquieran las habilidades necesarias para utilizar las funciones b\u00e1sicas de la computadora y los programas inform\u00e1ticos a fin de optimizar su desempe\u00f1o acad\u00e9mico y social. De esta manera, en el mismo los interesados podr\u00e1n aprender herramientas inform\u00e1ticas b\u00e1sicas como: Windows, Word y Excel; y de accesibilidad.<\/p>\n<p>Para inscribirse, lo interesados deber\u00e1n enviar un correo electr\u00f3nico a\u00a0<span id=\"cloak18d77eca784ae41a3bd9bf2011c91e39\"><a href=\"mailto:capdiscapacidadmdh@gmail.com\">capdiscapacidadmdh@gmail.com<\/a><\/span>\u00a0En dicho correo, el o la solicitante deber\u00e1 adjuntar una foto legible del Certificado \u00danico de Discapacidad (CUD) donde se puedan apreciar los datos personales, como tambi\u00e9n un n\u00famero de contacto.<\/p>\n<p>Para consultas o asesoramiento pueden comunicarse con la oficina de la Direcci\u00f3n de Lunes a Viernes, de 8 a 12 horas al 4216606.<\/p>\n","protected":false},"excerpt":{"rendered":"<p>Con el fin de generar espacios de contenci\u00f3n, recreaci\u00f3n y sociabilizaci\u00f3n entre distintos \u00e1mbitos y sectores, el Gobierno de San<\/p>\n","protected":false},"author":3,"featured_media":30878,"comment_status":"closed","ping_status":"closed","sticky":false,"template":"","format":"standard","meta":{"_acf_changed":false,"_seopress_robots_primary_cat":"none","_seopress_titles_title":"","_seopress_titles_desc":"","_seopress_robots_index":"","colormag_page_container_layout":"default_layout","colormag_page_sidebar_layout":"default_layout","footnotes":""},"categories":[9],"tags":[],"class_list":["post-43383","post","type-post","status-publish","format-standard","has-post-thumbnail","hentry","category-cursos"],"acf":[],"_links":{"self":[{"href":"https:\/\/vocesparalelas.com.ar\/sitio\/wp-json\/wp\/v2\/posts\/43383","targetHints":{"allow":["GET"]}}],"collection":[{"href":"https:\/\/vocesparalelas.com.ar\/sitio\/wp-json\/wp\/v2\/posts"}],"about":[{"href":"https:\/\/vocesparalelas.com.ar\/sitio\/wp-json\/wp\/v2\/types\/post"}],"author":[{"embeddable":true,"href":"https:\/\/vocesparalelas.com.ar\/sitio\/wp-json\/wp\/v2\/users\/3"}],"replies":[{"embeddable":true,"href":"https:\/\/vocesparalelas.com.ar\/sitio\/wp-json\/wp\/v2\/comments?post=43383"}],"version-history":[{"count":1,"href":"https:\/\/vocesparalelas.com.ar\/sitio\/wp-json\/wp\/v2\/posts\/43383\/revisions"}],"predecessor-version":[{"id":43385,"href":"https:\/\/vocesparalelas.com.ar\/sitio\/wp-json\/wp\/v2\/posts\/43383\/revisions\/43385"}],"wp:featuredmedia":[{"embeddable":true,"href":"https:\/\/vocesparalelas.com.ar\/sitio\/wp-json\/wp\/v2\/media\/30878"}],"wp:attachment":[{"href":"https:\/\/vocesparalelas.com.ar\/sitio\/wp-json\/wp\/v2\/media?parent=43383"}],"wp:term":[{"taxonomy":"category","embeddable":true,"href":"https:\/\/vocesparalelas.com.ar\/sitio\/wp-json\/wp\/v2\/categories?post=43383"},{"taxonomy":"post_tag","embeddable":true,"href":"https:\/\/vocesparalelas.com.ar\/sitio\/wp-json\/wp\/v2\/tags?post=43383"}],"curies":[{"name":"wp","href":"https:\/\/api.w.org\/{rel}","templated":true}]}}