{"id":43374,"date":"2021-10-29T20:44:04","date_gmt":"2021-10-29T23:44:04","guid":{"rendered":"https:\/\/vocesparalelas.com.ar\/sitio\/?p=43374"},"modified":"2021-10-29T20:44:04","modified_gmt":"2021-10-29T23:44:04","slug":"firma-de-convenio-para-fomentar-investigaciones-sobre-el-transporte-de-san-juan","status":"publish","type":"post","link":"https:\/\/vocesparalelas.com.ar\/sitio\/firma-de-convenio-para-fomentar-investigaciones-sobre-el-transporte-de-san-juan\/","title":{"rendered":"Firma de Convenio para fomentar investigaciones sobre el transporte de San Juan"},"content":{"rendered":"<p>El Ministerio de Gobierno firm\u00f3 un convenio con la Universidad Nacional de San Juan, por el cual la cartera provincial, a trav\u00e9s de la Secretar\u00eda de Tr\u00e1nsito y Transporte, desarrollar\u00e1 actividades de colaboraci\u00f3n acad\u00e9mica con la Escuela de Ingenier\u00eda de Caminos de Monta\u00f1a \u201cAlfonso de la Torre\u201d, que involucrar\u00e1 la provisi\u00f3n de datos generados por la secretar\u00eda y la puesta en marcha de proyectos de investigaci\u00f3n de la UNSJ.<\/p>\n<p>El prop\u00f3sito de este acuerdo, firmado entre la ministro de Gobierno, Dra. Fabiola Aubone y el secretario de Ciencia y T\u00e9cnica de la UNSJ, Dr. Eric Laciar, es el de generar investigaciones cient\u00edficas desde la universidad vinculadas a la movilidad y el transporte, que sean utilizadas como base acad\u00e9mica para la elaboraci\u00f3n de pol\u00edticas p\u00fablicas en estas materias.<\/p>\n<figure id=\"attachment_43376\" aria-describedby=\"caption-attachment-43376\" style=\"width: 800px\" class=\"wp-caption alignnone\"><img loading=\"lazy\" decoding=\"async\" class=\"wp-image-43376 size-large\" src=\"https:\/\/vocesparalelas.com.ar\/sitio\/wp-content\/uploads\/2021\/10\/TRANSPORTE-UNSJ-01-800x534.jpg\" alt=\"\" width=\"800\" height=\"534\" srcset=\"https:\/\/vocesparalelas.com.ar\/sitio\/wp-content\/uploads\/2021\/10\/TRANSPORTE-UNSJ-01-800x534.jpg 800w, https:\/\/vocesparalelas.com.ar\/sitio\/wp-content\/uploads\/2021\/10\/TRANSPORTE-UNSJ-01-300x200.jpg 300w, https:\/\/vocesparalelas.com.ar\/sitio\/wp-content\/uploads\/2021\/10\/TRANSPORTE-UNSJ-01-768x512.jpg 768w, https:\/\/vocesparalelas.com.ar\/sitio\/wp-content\/uploads\/2021\/10\/TRANSPORTE-UNSJ-01.jpg 1024w\" sizes=\"auto, (max-width: 800px) 100vw, 800px\" \/><figcaption id=\"caption-attachment-43376\" class=\"wp-caption-text\">Secretario de Ciencia y T\u00e9cnica de la UNSJ, Dr. Eric Laciar<\/figcaption><\/figure>\n<p>&nbsp;<\/p>\n<figure id=\"attachment_43377\" aria-describedby=\"caption-attachment-43377\" style=\"width: 800px\" class=\"wp-caption alignnone\"><img loading=\"lazy\" decoding=\"async\" class=\"wp-image-43377 size-large\" src=\"https:\/\/vocesparalelas.com.ar\/sitio\/wp-content\/uploads\/2021\/10\/TRANSPORTE-UNSJ-02-800x534.jpg\" alt=\"\" width=\"800\" height=\"534\" srcset=\"https:\/\/vocesparalelas.com.ar\/sitio\/wp-content\/uploads\/2021\/10\/TRANSPORTE-UNSJ-02-800x534.jpg 800w, https:\/\/vocesparalelas.com.ar\/sitio\/wp-content\/uploads\/2021\/10\/TRANSPORTE-UNSJ-02-300x200.jpg 300w, https:\/\/vocesparalelas.com.ar\/sitio\/wp-content\/uploads\/2021\/10\/TRANSPORTE-UNSJ-02-768x512.jpg 768w, https:\/\/vocesparalelas.com.ar\/sitio\/wp-content\/uploads\/2021\/10\/TRANSPORTE-UNSJ-02.jpg 1024w\" sizes=\"auto, (max-width: 800px) 100vw, 800px\" \/><figcaption id=\"caption-attachment-43377\" class=\"wp-caption-text\">Ministro de Gobierno, Dra. Fabiola Aubone<\/figcaption><\/figure>\n<p>El acto cont\u00f3 con la participaci\u00f3n del secretario de Tr\u00e1nsito y Transporte Lic. Jorge Armend\u00e1riz; el director de Tr\u00e1nsito y Planeamiento de Movilidad, Arq. Carlos Romero y autoridades universitarias.<\/p>\n<p>El director Romero se refiri\u00f3 a este convenio resaltando las posibilidades a futuro del v\u00ednculo entre el Ministerio de Gobierno y la UNSJ que \u00abla universidad va a generar conocimiento a partir de los datos sobre la movilidad provincial que a diario recabamos en la Secretar\u00eda de Tr\u00e1nsito y Transporte, lo que nos permitir\u00e1 evaluar, dise\u00f1ar y redefinir las pol\u00edticas p\u00fablicas del transporte en San Juan, dando como resultado una mejor convivencia vial para todos los sanjuaninos y la puesta en valor del conocimiento local\u201d.<\/p>\n<p>&nbsp;<\/p>\n<p>&nbsp;<\/p>\n<p>&nbsp;<\/p>\n","protected":false},"excerpt":{"rendered":"<p>El Ministerio de Gobierno firm\u00f3 un convenio con la Universidad Nacional de San Juan, por el cual la cartera provincial,<\/p>\n","protected":false},"author":3,"featured_media":43378,"comment_status":"closed","ping_status":"closed","sticky":false,"template":"","format":"standard","meta":{"_acf_changed":false,"_seopress_robots_primary_cat":"none","_seopress_titles_title":"","_seopress_titles_desc":"","_seopress_robots_index":"","colormag_page_container_layout":"default_layout","colormag_page_sidebar_layout":"default_layout","footnotes":""},"categories":[1],"tags":[],"class_list":["post-43374","post","type-post","status-publish","format-standard","has-post-thumbnail","hentry","category-destacadas"],"acf":[],"_links":{"self":[{"href":"https:\/\/vocesparalelas.com.ar\/sitio\/wp-json\/wp\/v2\/posts\/43374","targetHints":{"allow":["GET"]}}],"collection":[{"href":"https:\/\/vocesparalelas.com.ar\/sitio\/wp-json\/wp\/v2\/posts"}],"about":[{"href":"https:\/\/vocesparalelas.com.ar\/sitio\/wp-json\/wp\/v2\/types\/post"}],"author":[{"embeddable":true,"href":"https:\/\/vocesparalelas.com.ar\/sitio\/wp-json\/wp\/v2\/users\/3"}],"replies":[{"embeddable":true,"href":"https:\/\/vocesparalelas.com.ar\/sitio\/wp-json\/wp\/v2\/comments?post=43374"}],"version-history":[{"count":1,"href":"https:\/\/vocesparalelas.com.ar\/sitio\/wp-json\/wp\/v2\/posts\/43374\/revisions"}],"predecessor-version":[{"id":43379,"href":"https:\/\/vocesparalelas.com.ar\/sitio\/wp-json\/wp\/v2\/posts\/43374\/revisions\/43379"}],"wp:featuredmedia":[{"embeddable":true,"href":"https:\/\/vocesparalelas.com.ar\/sitio\/wp-json\/wp\/v2\/media\/43378"}],"wp:attachment":[{"href":"https:\/\/vocesparalelas.com.ar\/sitio\/wp-json\/wp\/v2\/media?parent=43374"}],"wp:term":[{"taxonomy":"category","embeddable":true,"href":"https:\/\/vocesparalelas.com.ar\/sitio\/wp-json\/wp\/v2\/categories?post=43374"},{"taxonomy":"post_tag","embeddable":true,"href":"https:\/\/vocesparalelas.com.ar\/sitio\/wp-json\/wp\/v2\/tags?post=43374"}],"curies":[{"name":"wp","href":"https:\/\/api.w.org\/{rel}","templated":true}]}}