{"id":43334,"date":"2021-10-28T19:16:41","date_gmt":"2021-10-28T22:16:41","guid":{"rendered":"https:\/\/vocesparalelas.com.ar\/sitio\/?p=43334"},"modified":"2021-10-28T19:17:45","modified_gmt":"2021-10-28T22:17:45","slug":"adolescente-de-14-anos-con-diagnostico-de-meningitis-por-meningococo-en-san-juan","status":"publish","type":"post","link":"https:\/\/vocesparalelas.com.ar\/sitio\/adolescente-de-14-anos-con-diagnostico-de-meningitis-por-meningococo-en-san-juan\/","title":{"rendered":"Adolescente de 14 a\u00f1os con diagn\u00f3stico de meningitis por meningococo en San Juan"},"content":{"rendered":"<p>El Ministerio de Salud P\u00fablica del Gobierno de San Juan informa que, en la jornada del Jueves, 28 de Octubre, fue notificado el caso de un adolescente de 14 a\u00f1os con diagn\u00f3stico de meningitis por meningococo, el cual fue asistido en el Hospital Dr. Guillermo Rawson y contin\u00faa estable, a la espera de su evoluci\u00f3n con el tratamiento implementado.<\/p>\n<p>Las autoridades sanitarias abordaron el caso de manera inmediata, con todas las medidas estipuladas en la normativa y acciones directas, como la entrega de medicaci\u00f3n a convivientes y compa\u00f1eros, a modo de prevenci\u00f3n.<\/p>\n<p>Las medidas se adoptaron en forma conjunta, entre el Ministerio de Salud, a trav\u00e9s de la zona Sanitaria I y el Ministerio de Educaci\u00f3n, que tom\u00f3 intervenci\u00f3n en el establecimiento educativo al que concurre el adolescente, ubicado en el departamento Capital.<\/p>\n<p>En este marco, las autoridades sanitarias brindaron asesoramiento y recomendaciones a las autoridades del establecimiento, con el objetivo de coordinar tareas e informar sobre el tratamiento del caso.<\/p>\n<p>La meningitis es una enfermedad que consiste en la inflamaci\u00f3n de las membranas que envuelven al cerebro, y que puede ser causada por virus o bacterias.<\/p>\n<p>La meningitis bacteriana, como en este caso, es provocada por distintas bacterias que se transmiten de persona a persona a trav\u00e9s de las gotitas de saliva que se expelen al toser, hablar o estornudar<\/p>\n<p>Cabe destacar que los cuidados que se implementan actualmente por Covid-19, como el uso de barbijo y el hecho de no compartir objetos de uso personal, son determinantes y ayudan a minimizar los riesgos en este tipo de situaciones.<\/p>\n<p>Desde un primer momento se tomaron todas las medidas sanitarias necesarias y actualmente se est\u00e1 realizando el control y seguimiento correspondiente<\/p>\n<p>Ante cualquier duda, consultar en la Divisi\u00f3n Epidemiolog\u00eda del Ministerio de Salud. Centro C\u00edvico 3\u00ba piso. Llamar al 4305516 o al 4305611<\/p>\n<p>&nbsp;<\/p>\n<p>&nbsp;<\/p>\n","protected":false},"excerpt":{"rendered":"<p>El Ministerio de Salud P\u00fablica del Gobierno de San Juan informa que, en la jornada del Jueves, 28 de Octubre,<\/p>\n","protected":false},"author":3,"featured_media":27493,"comment_status":"closed","ping_status":"closed","sticky":false,"template":"","format":"standard","meta":{"_acf_changed":false,"_seopress_robots_primary_cat":"none","_seopress_titles_title":"","_seopress_titles_desc":"","_seopress_robots_index":"","colormag_page_container_layout":"default_layout","colormag_page_sidebar_layout":"default_layout","footnotes":""},"categories":[1],"tags":[],"class_list":["post-43334","post","type-post","status-publish","format-standard","has-post-thumbnail","hentry","category-destacadas"],"acf":[],"_links":{"self":[{"href":"https:\/\/vocesparalelas.com.ar\/sitio\/wp-json\/wp\/v2\/posts\/43334","targetHints":{"allow":["GET"]}}],"collection":[{"href":"https:\/\/vocesparalelas.com.ar\/sitio\/wp-json\/wp\/v2\/posts"}],"about":[{"href":"https:\/\/vocesparalelas.com.ar\/sitio\/wp-json\/wp\/v2\/types\/post"}],"author":[{"embeddable":true,"href":"https:\/\/vocesparalelas.com.ar\/sitio\/wp-json\/wp\/v2\/users\/3"}],"replies":[{"embeddable":true,"href":"https:\/\/vocesparalelas.com.ar\/sitio\/wp-json\/wp\/v2\/comments?post=43334"}],"version-history":[{"count":1,"href":"https:\/\/vocesparalelas.com.ar\/sitio\/wp-json\/wp\/v2\/posts\/43334\/revisions"}],"predecessor-version":[{"id":43336,"href":"https:\/\/vocesparalelas.com.ar\/sitio\/wp-json\/wp\/v2\/posts\/43334\/revisions\/43336"}],"wp:featuredmedia":[{"embeddable":true,"href":"https:\/\/vocesparalelas.com.ar\/sitio\/wp-json\/wp\/v2\/media\/27493"}],"wp:attachment":[{"href":"https:\/\/vocesparalelas.com.ar\/sitio\/wp-json\/wp\/v2\/media?parent=43334"}],"wp:term":[{"taxonomy":"category","embeddable":true,"href":"https:\/\/vocesparalelas.com.ar\/sitio\/wp-json\/wp\/v2\/categories?post=43334"},{"taxonomy":"post_tag","embeddable":true,"href":"https:\/\/vocesparalelas.com.ar\/sitio\/wp-json\/wp\/v2\/tags?post=43334"}],"curies":[{"name":"wp","href":"https:\/\/api.w.org\/{rel}","templated":true}]}}