{"id":43330,"date":"2021-10-28T18:36:20","date_gmt":"2021-10-28T21:36:20","guid":{"rendered":"https:\/\/vocesparalelas.com.ar\/sitio\/?p=43330"},"modified":"2021-10-30T00:08:30","modified_gmt":"2021-10-30T03:08:30","slug":"presentacion-de-la-escuela-de-educacion-profesional-de-la-unsj","status":"publish","type":"post","link":"https:\/\/vocesparalelas.com.ar\/sitio\/presentacion-de-la-escuela-de-educacion-profesional-de-la-unsj\/","title":{"rendered":"Presentaci\u00f3n de la Escuela de Educaci\u00f3n Profesional de la UNSJ"},"content":{"rendered":"<p>La Universidad Nacional de San Juan presentar\u00e1 el Proyecto de la \u201cEscuela de Educaci\u00f3n Profesional de la Universidad Nacional de San Juan\u201d, en el marco del Programa Universitario de Escuelas de Educaci\u00f3n Profesional de la Secretar\u00eda de Pol\u00edticas Universitarias (SPU). El acto ser\u00e1 el Lunes, 1\u00b0 de noviembre, a las 10.30 horas, en el Hall Central del Edificio Central de la UNSJ, Mitre y Jujuy.<\/p>\n<p>La \u00abEscuela de Educaci\u00f3n Profesional de la Universidad Nacional de San Juan\u00bb tiene como objetivo central el generar informaci\u00f3n sobre demandas laborales y dise\u00f1ar propuestas formativas sentadas por las siguientes \u00e1reas: lenguaje; tecnolog\u00edas y comercializaci\u00f3n de bienes y servicios; t\u00e9cnicas y oficios; aporte en el trabajo ambiental y salud. Todo ello con el fin de propiciar la construcci\u00f3n de respuestas vinculadas a la necesidad de empleos emergentes e inserci\u00f3n laboral de problem\u00e1ticas existentes sin satisfacer en San Juan y la regi\u00f3n.<\/p>\n<p>Este proyecto aprobado y financiado por la SPU, es el primer paso de lo que aspira la actual gesti\u00f3n para la creaci\u00f3n de la Escuela de Oficios en la UNSJ.<\/p>\n<p>Asimismo, a las 11 horas en la sala del segundo piso del Rectorado, se desarrollar\u00e1 una capacitaci\u00f3n sobre la implementaci\u00f3n del Proyecto Escuela de Educaci\u00f3n Profesional con los\/as responsables de los 17 trayectos formativos a implementar en cada Facultad y la EUCS con el objetivo de definir cronogramas de cada propuesta formativa.<\/p>\n<p>&nbsp;<\/p>\n<p><img loading=\"lazy\" decoding=\"async\" class=\"alignnone wp-image-43332 size-large\" src=\"https:\/\/vocesparalelas.com.ar\/sitio\/wp-content\/uploads\/2021\/10\/UNSJ-ESCUELA-800x600.jpg\" alt=\"\" width=\"800\" height=\"600\" srcset=\"https:\/\/vocesparalelas.com.ar\/sitio\/wp-content\/uploads\/2021\/10\/UNSJ-ESCUELA-800x600.jpg 800w, https:\/\/vocesparalelas.com.ar\/sitio\/wp-content\/uploads\/2021\/10\/UNSJ-ESCUELA-300x225.jpg 300w, https:\/\/vocesparalelas.com.ar\/sitio\/wp-content\/uploads\/2021\/10\/UNSJ-ESCUELA-768x576.jpg 768w, https:\/\/vocesparalelas.com.ar\/sitio\/wp-content\/uploads\/2021\/10\/UNSJ-ESCUELA.jpg 1024w\" sizes=\"auto, (max-width: 800px) 100vw, 800px\" \/><\/p>\n<p>&nbsp;<\/p>\n<p>&nbsp;<\/p>\n","protected":false},"excerpt":{"rendered":"<p>La Universidad Nacional de San Juan presentar\u00e1 el Proyecto de la \u201cEscuela de Educaci\u00f3n Profesional de la Universidad Nacional de<\/p>\n","protected":false},"author":3,"featured_media":41584,"comment_status":"closed","ping_status":"closed","sticky":false,"template":"","format":"standard","meta":{"_acf_changed":false,"_seopress_robots_primary_cat":"none","_seopress_titles_title":"","_seopress_titles_desc":"","_seopress_robots_index":"","colormag_page_container_layout":"default_layout","colormag_page_sidebar_layout":"default_layout","footnotes":""},"categories":[6],"tags":[],"class_list":["post-43330","post","type-post","status-publish","format-standard","has-post-thumbnail","hentry","category-eventos"],"acf":[],"_links":{"self":[{"href":"https:\/\/vocesparalelas.com.ar\/sitio\/wp-json\/wp\/v2\/posts\/43330","targetHints":{"allow":["GET"]}}],"collection":[{"href":"https:\/\/vocesparalelas.com.ar\/sitio\/wp-json\/wp\/v2\/posts"}],"about":[{"href":"https:\/\/vocesparalelas.com.ar\/sitio\/wp-json\/wp\/v2\/types\/post"}],"author":[{"embeddable":true,"href":"https:\/\/vocesparalelas.com.ar\/sitio\/wp-json\/wp\/v2\/users\/3"}],"replies":[{"embeddable":true,"href":"https:\/\/vocesparalelas.com.ar\/sitio\/wp-json\/wp\/v2\/comments?post=43330"}],"version-history":[{"count":1,"href":"https:\/\/vocesparalelas.com.ar\/sitio\/wp-json\/wp\/v2\/posts\/43330\/revisions"}],"predecessor-version":[{"id":43333,"href":"https:\/\/vocesparalelas.com.ar\/sitio\/wp-json\/wp\/v2\/posts\/43330\/revisions\/43333"}],"wp:featuredmedia":[{"embeddable":true,"href":"https:\/\/vocesparalelas.com.ar\/sitio\/wp-json\/wp\/v2\/media\/41584"}],"wp:attachment":[{"href":"https:\/\/vocesparalelas.com.ar\/sitio\/wp-json\/wp\/v2\/media?parent=43330"}],"wp:term":[{"taxonomy":"category","embeddable":true,"href":"https:\/\/vocesparalelas.com.ar\/sitio\/wp-json\/wp\/v2\/categories?post=43330"},{"taxonomy":"post_tag","embeddable":true,"href":"https:\/\/vocesparalelas.com.ar\/sitio\/wp-json\/wp\/v2\/tags?post=43330"}],"curies":[{"name":"wp","href":"https:\/\/api.w.org\/{rel}","templated":true}]}}