{"id":43297,"date":"2021-10-27T20:50:56","date_gmt":"2021-10-27T23:50:56","guid":{"rendered":"https:\/\/vocesparalelas.com.ar\/sitio\/?p=43297"},"modified":"2021-10-29T00:51:08","modified_gmt":"2021-10-29T03:51:08","slug":"san-juan-supero-el-millon-de-dosis-de-vacuna-colocadas-contra-el-covid-19","status":"publish","type":"post","link":"https:\/\/vocesparalelas.com.ar\/sitio\/san-juan-supero-el-millon-de-dosis-de-vacuna-colocadas-contra-el-covid-19\/","title":{"rendered":"San Juan super\u00f3 el mill\u00f3n de dosis de Vacuna colocadas contra el COVID-19"},"content":{"rendered":"<p>El esquema de vacunaci\u00f3n contra el COVID-19 avanza con \u00e9xito en la provincia de San Juan. En este contexto, m\u00e1s de 550 mil sanjuaninos ya recibieron la primera dosis de la vacuna y m\u00e1s de 400 mil, ya tienen colocada la segunda dosis.<\/p>\n<p>San Juan comenz\u00f3 la aplicaci\u00f3n de las vacunas el 29 de diciembre de 2020, en el estadio Aldo Cantoni, despu\u00e9s de recibir un d\u00eda antes 2.250 dosis de Sputnik V, primer componente. Desde ese momento, la llegada de vacunas fue permanente y en ning\u00fan momento se interrumpi\u00f3.<\/p>\n<p>El inicio de la campa\u00f1a de vacunaci\u00f3n fue para el Gobierno provincial un \u201chito en la lucha contra la pandemia\u201d. Se destinaron estas primeras aplicaciones a los ciudadanos en condici\u00f3n de riesgo. Es decir, a las personas que pod\u00edan desarrollar enfermedades graves como las neumon\u00edas.<\/p>\n<p>A partir de ese momento, fueron habilitando los distintos grupos etarios y muchos sanjuaninos tuvieron la posibilidad de acceder al Plan Estrat\u00e9gico de Vacunaci\u00f3n y con ello, reducir al m\u00e1ximo las posibilidades de agravamiento ante el COVID-19.<\/p>\n<p>Esto fue posible por el notable esfuerzo del personal de Salud. L os sanjuaninos, en general, aceptaron las vacunas, con la premisa de \u201cayudarse y ayudar\u201d. Con el convencimiento que las dosis evitaban el contagio y reduc\u00edan al m\u00e1ximo las consecuencias ante un caso positivo.<\/p>\n<p>El gran \u00edcono del deporte sanjuanino, el estadio Aldo Cantoni, se transform\u00f3 en el escudo principal de la vacunaci\u00f3n. Fue ah\u00ed donde se aplic\u00f3 la primera dosis en la provincia y se transform\u00f3 con el pasar de los d\u00edas en el paso obligatorio de muchos ciudadanos para recibir las inmunizaciones.<\/p>\n<p>En cada departamento se instal\u00f3 un centro de vacunaci\u00f3n, en los hospitales de referencia o centros de salud de cabecera se transformaron de a poco en lugares, acondicionados especialmente para esta tarea.<\/p>\n<p>El Polideportivo de la Escuela San Mart\u00edn y el CUIM (Centro Universitario Islas Malvinas) de la UNSJ, fueron muy importantes tambi\u00e9n para cumplir con las metas de vacunar.<\/p>\n<p>El objetivo es lograr que los sanjuaninos est\u00e9n a salvo de las consecuencias del coronavirus.<\/p>\n<p><strong><span style=\"color: #ff0000;\">N\u00fameros oficiales<\/span><\/strong><\/p>\n<ul>\n<li>Primera dosis: 567.727<\/li>\n<li>Segunda dosis: 433.893<\/li>\n<li>Total: 1.001.620<\/li>\n<\/ul>\n","protected":false},"excerpt":{"rendered":"<p>El esquema de vacunaci\u00f3n contra el COVID-19 avanza con \u00e9xito en la provincia de San Juan. En este contexto, m\u00e1s<\/p>\n","protected":false},"author":3,"featured_media":36768,"comment_status":"closed","ping_status":"closed","sticky":false,"template":"","format":"standard","meta":{"_acf_changed":false,"_seopress_robots_primary_cat":"none","_seopress_titles_title":"","_seopress_titles_desc":"","_seopress_robots_index":"","colormag_page_container_layout":"default_layout","colormag_page_sidebar_layout":"default_layout","footnotes":""},"categories":[6],"tags":[],"class_list":["post-43297","post","type-post","status-publish","format-standard","has-post-thumbnail","hentry","category-eventos"],"acf":[],"_links":{"self":[{"href":"https:\/\/vocesparalelas.com.ar\/sitio\/wp-json\/wp\/v2\/posts\/43297","targetHints":{"allow":["GET"]}}],"collection":[{"href":"https:\/\/vocesparalelas.com.ar\/sitio\/wp-json\/wp\/v2\/posts"}],"about":[{"href":"https:\/\/vocesparalelas.com.ar\/sitio\/wp-json\/wp\/v2\/types\/post"}],"author":[{"embeddable":true,"href":"https:\/\/vocesparalelas.com.ar\/sitio\/wp-json\/wp\/v2\/users\/3"}],"replies":[{"embeddable":true,"href":"https:\/\/vocesparalelas.com.ar\/sitio\/wp-json\/wp\/v2\/comments?post=43297"}],"version-history":[{"count":1,"href":"https:\/\/vocesparalelas.com.ar\/sitio\/wp-json\/wp\/v2\/posts\/43297\/revisions"}],"predecessor-version":[{"id":43299,"href":"https:\/\/vocesparalelas.com.ar\/sitio\/wp-json\/wp\/v2\/posts\/43297\/revisions\/43299"}],"wp:featuredmedia":[{"embeddable":true,"href":"https:\/\/vocesparalelas.com.ar\/sitio\/wp-json\/wp\/v2\/media\/36768"}],"wp:attachment":[{"href":"https:\/\/vocesparalelas.com.ar\/sitio\/wp-json\/wp\/v2\/media?parent=43297"}],"wp:term":[{"taxonomy":"category","embeddable":true,"href":"https:\/\/vocesparalelas.com.ar\/sitio\/wp-json\/wp\/v2\/categories?post=43297"},{"taxonomy":"post_tag","embeddable":true,"href":"https:\/\/vocesparalelas.com.ar\/sitio\/wp-json\/wp\/v2\/tags?post=43297"}],"curies":[{"name":"wp","href":"https:\/\/api.w.org\/{rel}","templated":true}]}}