{"id":43254,"date":"2021-10-26T23:51:23","date_gmt":"2021-10-27T02:51:23","guid":{"rendered":"https:\/\/vocesparalelas.com.ar\/sitio\/?p=43254"},"modified":"2021-10-26T23:51:23","modified_gmt":"2021-10-27T02:51:23","slug":"ii-jornada-de-bio-elo-en-la-fi-de-la-unsj","status":"publish","type":"post","link":"https:\/\/vocesparalelas.com.ar\/sitio\/ii-jornada-de-bio-elo-en-la-fi-de-la-unsj\/","title":{"rendered":"II Jornada de Bio Elo en la FI de la UNSJ"},"content":{"rendered":"<p>Se llev\u00f3 a cabo la II Jornada de Bio Elo, organizada por la Asociaci\u00f3n Sanjuanina de estudiantes de Bioingenier\u00eda &#8211; ASEBIO &#8211; y la Asociaci\u00f3n Sanjuanina de Estudiantes de Ingenier\u00eda Electr\u00f3nica &#8211; ASEELO &#8211; de la Facultad de Ingenier\u00eda de la UNSJ.<\/p>\n<p>La misma fue de car\u00e1cter acad\u00e9mico y social, convocando a participar a estudiantes, egresados y docentes de ambas carreras.<\/p>\n<p>Por parte de la SECITI particip\u00f3 como jurado, Lic. Luc\u00eda Madcur, directora de Innovaci\u00f3n Tecnol\u00f3gica. Tambi\u00e9n lo hicieron Lic. Valentina Soria, por la Facultad de Ingenier\u00eda de la UNSJ, por la Secretar\u00eda de Extensi\u00f3n; Dr. Ing. Orlando Boiteux (UNSJ), Facultad de Ingenier\u00eda; director de Calidad Cuyo, Ing. Julio Quevedo y la vicedecana de la Facultad de Ingenier\u00eda, Dra. Andrea D\u00edaz.<\/p>\n<p>Los ganadores de estas jornadas fueron: como estudiantes de Bioingenier\u00eda; Allis, Leila Yasm\u00edn e Hidalgo Mar\u00eda Guadalupe por el trabajo \u201cClick G\u00fci\u201d, para rehabilitaci\u00f3n muscular asistida. Fueron asistidas por las docentes Natalia L\u00f3pez y Elisa P\u00e9rez.<\/p>\n<p>En este caso se cre\u00f3 una interfaz convirtiendo la rehabilitaci\u00f3n en un juego que estimula al paciente a mejorar, otorgando una recompensa. Los objetivos de esta interfaz son dos: poder lograr la rehabilitaci\u00f3n y brindarla al profesional a cargo informaci\u00f3n sobre el dispositivo.<\/p>\n<p>Por su parte, el estudiante de Ingenier\u00eda Electr\u00f3nica, \u00c1vila Juan Agust\u00edn con la supervisi\u00f3n de la docente Adri\u00e1n Orellana, present\u00f3 \u201cDetecci\u00f3n de ACV mediante Visi\u00f3n Artificial\u201d. En el caso de accidente cerebro vascular (ACV), la velocidad para reconocer los s\u00edntomas y brindarle al paciente el tratamiento correspondiente es fundamental para que aumenten sus posibilidades de sobrevivir y evitar secuelas.<\/p>\n<p>En este trabajo se plante\u00f3 un sistema integral para la detecci\u00f3n temprana y rehabilitaci\u00f3n de pacientes mediante el uso de Visi\u00f3n Artificial, detectando puntos de inter\u00e9s en el rostro del paciente y cuantificando la asimetr\u00eda.<\/p>\n<p>La Secretaria de Ciencia, Tecnolog\u00eda e Innovaci\u00f3n entreg\u00f3 una tablet a cada uno de los ganadores.<\/p>\n<p>&nbsp;<\/p>\n<p><img loading=\"lazy\" decoding=\"async\" class=\"alignnone wp-image-43256 size-large\" src=\"https:\/\/vocesparalelas.com.ar\/sitio\/wp-content\/uploads\/2021\/10\/FI-PREMIO-01-800x600.jpg\" alt=\"\" width=\"800\" height=\"600\" srcset=\"https:\/\/vocesparalelas.com.ar\/sitio\/wp-content\/uploads\/2021\/10\/FI-PREMIO-01-800x600.jpg 800w, https:\/\/vocesparalelas.com.ar\/sitio\/wp-content\/uploads\/2021\/10\/FI-PREMIO-01-300x225.jpg 300w, https:\/\/vocesparalelas.com.ar\/sitio\/wp-content\/uploads\/2021\/10\/FI-PREMIO-01-768x576.jpg 768w, https:\/\/vocesparalelas.com.ar\/sitio\/wp-content\/uploads\/2021\/10\/FI-PREMIO-01.jpg 1024w\" sizes=\"auto, (max-width: 800px) 100vw, 800px\" \/><\/p>\n<p>&nbsp;<\/p>\n","protected":false},"excerpt":{"rendered":"<p>Se llev\u00f3 a cabo la II Jornada de Bio Elo, organizada por la Asociaci\u00f3n Sanjuanina de estudiantes de Bioingenier\u00eda &#8211;<\/p>\n","protected":false},"author":3,"featured_media":43257,"comment_status":"closed","ping_status":"closed","sticky":false,"template":"","format":"standard","meta":{"_acf_changed":false,"_seopress_robots_primary_cat":"none","_seopress_titles_title":"","_seopress_titles_desc":"","_seopress_robots_index":"","colormag_page_container_layout":"default_layout","colormag_page_sidebar_layout":"default_layout","footnotes":""},"categories":[1],"tags":[],"class_list":["post-43254","post","type-post","status-publish","format-standard","has-post-thumbnail","hentry","category-destacadas"],"acf":[],"_links":{"self":[{"href":"https:\/\/vocesparalelas.com.ar\/sitio\/wp-json\/wp\/v2\/posts\/43254","targetHints":{"allow":["GET"]}}],"collection":[{"href":"https:\/\/vocesparalelas.com.ar\/sitio\/wp-json\/wp\/v2\/posts"}],"about":[{"href":"https:\/\/vocesparalelas.com.ar\/sitio\/wp-json\/wp\/v2\/types\/post"}],"author":[{"embeddable":true,"href":"https:\/\/vocesparalelas.com.ar\/sitio\/wp-json\/wp\/v2\/users\/3"}],"replies":[{"embeddable":true,"href":"https:\/\/vocesparalelas.com.ar\/sitio\/wp-json\/wp\/v2\/comments?post=43254"}],"version-history":[{"count":1,"href":"https:\/\/vocesparalelas.com.ar\/sitio\/wp-json\/wp\/v2\/posts\/43254\/revisions"}],"predecessor-version":[{"id":43258,"href":"https:\/\/vocesparalelas.com.ar\/sitio\/wp-json\/wp\/v2\/posts\/43254\/revisions\/43258"}],"wp:featuredmedia":[{"embeddable":true,"href":"https:\/\/vocesparalelas.com.ar\/sitio\/wp-json\/wp\/v2\/media\/43257"}],"wp:attachment":[{"href":"https:\/\/vocesparalelas.com.ar\/sitio\/wp-json\/wp\/v2\/media?parent=43254"}],"wp:term":[{"taxonomy":"category","embeddable":true,"href":"https:\/\/vocesparalelas.com.ar\/sitio\/wp-json\/wp\/v2\/categories?post=43254"},{"taxonomy":"post_tag","embeddable":true,"href":"https:\/\/vocesparalelas.com.ar\/sitio\/wp-json\/wp\/v2\/tags?post=43254"}],"curies":[{"name":"wp","href":"https:\/\/api.w.org\/{rel}","templated":true}]}}