{"id":43169,"date":"2021-10-25T19:35:47","date_gmt":"2021-10-25T22:35:47","guid":{"rendered":"https:\/\/vocesparalelas.com.ar\/sitio\/?p=43169"},"modified":"2021-10-25T19:43:27","modified_gmt":"2021-10-25T22:43:27","slug":"sumate-a-los-examenes-mamarios-y-toma-conciencia-de-hacer-los-controles-para-prevenir","status":"publish","type":"post","link":"https:\/\/vocesparalelas.com.ar\/sitio\/sumate-a-los-examenes-mamarios-y-toma-conciencia-de-hacer-los-controles-para-prevenir\/","title":{"rendered":"Sumate a los ex\u00e1menes mamarios y toma conciencia de hacer los controles para prevenir"},"content":{"rendered":"<p>La iniciativa fue organizada por la Zona Sanitaria I a cargo del Dr. Miguel Coria, el jefe de \u00c1rea Program\u00e1tica Chimbas, Dr. Gustavo Paredes y el \u00c1rea de Municipios Saludables de la Municipalidad de Chimbas, con la colaboraci\u00f3n de la Fundaci\u00f3n Sanatorio Argentino.<\/p>\n<p>La cita fue en el Parque de Chimbas, espec\u00edficamente en el vacunatorio, donde m\u00e1s de 100 mujeres pudieron realizarse ex\u00e1menes mamarios, de Papanicolau y testeos de HPV.<\/p>\n<p>Adem\u00e1s, se realizaron diferentes actividades y se obsequiaron regalos por participar de la jornada de prevenci\u00f3n.<\/p>\n<p>La prevenci\u00f3n del c\u00e1ncer de mama es una pol\u00edtica estrat\u00e9gica, ya que es la primera causa de muerte por tumores en mujeres. Anualmente, se notifican 5.600 fallecimientos por esta enfermedad y se estima que se producir\u00e1n m\u00e1s de 19.000 nuevos casos por a\u00f1o, lo cual representa el 16,8% del total de incidencia de c\u00e1ncer en Argentina.<\/p>\n<p>&nbsp;<\/p>\n<p><img loading=\"lazy\" decoding=\"async\" class=\"alignnone wp-image-43172 size-large\" src=\"https:\/\/vocesparalelas.com.ar\/sitio\/wp-content\/uploads\/2021\/10\/CANCER-PREVENCION-02-800x532.jpg\" alt=\"\" width=\"800\" height=\"532\" srcset=\"https:\/\/vocesparalelas.com.ar\/sitio\/wp-content\/uploads\/2021\/10\/CANCER-PREVENCION-02-800x532.jpg 800w, https:\/\/vocesparalelas.com.ar\/sitio\/wp-content\/uploads\/2021\/10\/CANCER-PREVENCION-02-300x200.jpg 300w, https:\/\/vocesparalelas.com.ar\/sitio\/wp-content\/uploads\/2021\/10\/CANCER-PREVENCION-02-768x511.jpg 768w, https:\/\/vocesparalelas.com.ar\/sitio\/wp-content\/uploads\/2021\/10\/CANCER-PREVENCION-02.jpg 1024w\" sizes=\"auto, (max-width: 800px) 100vw, 800px\" \/><\/p>\n<p>&nbsp;<\/p>\n","protected":false},"excerpt":{"rendered":"<p>La iniciativa fue organizada por la Zona Sanitaria I a cargo del Dr. Miguel Coria, el jefe de \u00c1rea Program\u00e1tica<\/p>\n","protected":false},"author":3,"featured_media":43171,"comment_status":"closed","ping_status":"closed","sticky":false,"template":"","format":"standard","meta":{"_acf_changed":false,"_seopress_robots_primary_cat":"none","_seopress_titles_title":"","_seopress_titles_desc":"","_seopress_robots_index":"","colormag_page_container_layout":"default_layout","colormag_page_sidebar_layout":"default_layout","footnotes":""},"categories":[1],"tags":[],"class_list":["post-43169","post","type-post","status-publish","format-standard","has-post-thumbnail","hentry","category-destacadas"],"acf":[],"_links":{"self":[{"href":"https:\/\/vocesparalelas.com.ar\/sitio\/wp-json\/wp\/v2\/posts\/43169","targetHints":{"allow":["GET"]}}],"collection":[{"href":"https:\/\/vocesparalelas.com.ar\/sitio\/wp-json\/wp\/v2\/posts"}],"about":[{"href":"https:\/\/vocesparalelas.com.ar\/sitio\/wp-json\/wp\/v2\/types\/post"}],"author":[{"embeddable":true,"href":"https:\/\/vocesparalelas.com.ar\/sitio\/wp-json\/wp\/v2\/users\/3"}],"replies":[{"embeddable":true,"href":"https:\/\/vocesparalelas.com.ar\/sitio\/wp-json\/wp\/v2\/comments?post=43169"}],"version-history":[{"count":3,"href":"https:\/\/vocesparalelas.com.ar\/sitio\/wp-json\/wp\/v2\/posts\/43169\/revisions"}],"predecessor-version":[{"id":43175,"href":"https:\/\/vocesparalelas.com.ar\/sitio\/wp-json\/wp\/v2\/posts\/43169\/revisions\/43175"}],"wp:featuredmedia":[{"embeddable":true,"href":"https:\/\/vocesparalelas.com.ar\/sitio\/wp-json\/wp\/v2\/media\/43171"}],"wp:attachment":[{"href":"https:\/\/vocesparalelas.com.ar\/sitio\/wp-json\/wp\/v2\/media?parent=43169"}],"wp:term":[{"taxonomy":"category","embeddable":true,"href":"https:\/\/vocesparalelas.com.ar\/sitio\/wp-json\/wp\/v2\/categories?post=43169"},{"taxonomy":"post_tag","embeddable":true,"href":"https:\/\/vocesparalelas.com.ar\/sitio\/wp-json\/wp\/v2\/tags?post=43169"}],"curies":[{"name":"wp","href":"https:\/\/api.w.org\/{rel}","templated":true}]}}