{"id":43129,"date":"2021-10-22T23:09:12","date_gmt":"2021-10-23T02:09:12","guid":{"rendered":"https:\/\/vocesparalelas.com.ar\/sitio\/?p=43129"},"modified":"2021-10-22T23:09:12","modified_gmt":"2021-10-23T02:09:12","slug":"desarrollaran-contenedores-inteligentes-entre-ambiente-y-la-unsj","status":"publish","type":"post","link":"https:\/\/vocesparalelas.com.ar\/sitio\/desarrollaran-contenedores-inteligentes-entre-ambiente-y-la-unsj\/","title":{"rendered":"Desarrollar\u00e1n contenedores inteligentes entre Ambiente y la UNSJ"},"content":{"rendered":"<p>A trav\u00e9s de un acta complementaria entre la Secretar\u00eda de Estado de Ambiente y Desarrollo Sustentable del Gobierno de San Juan, a trav\u00e9s del Observatorio Ambiental San Juan y la Universidad Nacional de San Juan, a trav\u00e9s de la Facultad de Ingenier\u00eda, trabajar\u00e1n en el Proyecto \u201cContenedor inteligente para reciclado de PET, basado en sensores digitales\/sensores y modem GPRS\u201d.<\/p>\n<p>En la firma del convenio estuvieron presentes el Secretario de Estado de Ambiente y Desarrollo Sustentable, Lic. Ra\u00fal Tello; el Rector de la Universidad Nacional de San Juan, Ing. Tadeo Berenguer; y el Decano de la Facultad de Ingenier\u00eda, Ing. Mario Fern\u00e1ndez.<\/p>\n<p>El proyecto consiste inicialmente, en el desarrollo de un prototipo para luego analizar el funcionamiento y las futuras mejoras que se le deban realizar. Para ello se convoc\u00f3 a un estudiante de la Facultad de Ingenier\u00eda quien desarrollar\u00e1 el funcionamiento t\u00e9cnico del contenedor.<\/p>\n<p>Tales contenedores contar\u00e1n con sensores tanto anal\u00f3gicos como digitales, los cuales verificar\u00e1n la cantidad de PET ingresado y la capacidad disponible del contenedor. Para la transmisi\u00f3n de los datos provenientes del contenedor a los servidores de la Secretar\u00eda de Ambiente, cada contenedor contar\u00e1 con un modem GPRS. Los datos podr\u00e1n ser visualizados y gestionados mediante el software de monitoreo ambiental (desarrollado por el Observatorio Ambiental).<\/p>\n<p>Los principales objetivos de dicho proyecto son promover la cultura del reciclado y recopilar informaci\u00f3n ambiental de la provincia. Con los datos anal\u00edticos obtenidos se podr\u00e1n administrar las rutas de recolecci\u00f3n y la ubicaci\u00f3n de contenedores de manera m\u00e1s efectiva.<\/p>\n<p><strong><span style=\"color: #99cc00;\">Observatorio Ambiental trabaja con el CIAM<\/span><\/strong><\/p>\n<p>La Secretar\u00eda de Control y Monitoreo Ambiental del Ministerio de Ambiente y Desarrollo Sostenible de la Naci\u00f3n y el Observatorio Ambiental San Juan, se encuentran trabajando en estos momentos en un convenio que permitir\u00e1 la colaboraci\u00f3n t\u00e9cnica entre el Centro de Informaci\u00f3n Ambiental (CIAM) y el Observatorio Ambiental San Juan para la generaci\u00f3n e intercambio peri\u00f3dico y sistem\u00e1tico de datos e informaci\u00f3n ambiental.<\/p>\n<p>El trabajo en conjunto permite reforzar la transparencia en lo que respecta a los datos ambientales que se producen en la provincia de San Juan y llevar a ser transmitidos a nivel nacional.<\/p>\n<p>&nbsp;<\/p>\n<p>&nbsp;<\/p>\n","protected":false},"excerpt":{"rendered":"<p>A trav\u00e9s de un acta complementaria entre la Secretar\u00eda de Estado de Ambiente y Desarrollo Sustentable del Gobierno de San<\/p>\n","protected":false},"author":3,"featured_media":43131,"comment_status":"closed","ping_status":"closed","sticky":false,"template":"","format":"standard","meta":{"_acf_changed":false,"_seopress_robots_primary_cat":"none","_seopress_titles_title":"","_seopress_titles_desc":"","_seopress_robots_index":"","colormag_page_container_layout":"default_layout","colormag_page_sidebar_layout":"default_layout","footnotes":""},"categories":[1],"tags":[],"class_list":["post-43129","post","type-post","status-publish","format-standard","has-post-thumbnail","hentry","category-destacadas"],"acf":[],"_links":{"self":[{"href":"https:\/\/vocesparalelas.com.ar\/sitio\/wp-json\/wp\/v2\/posts\/43129","targetHints":{"allow":["GET"]}}],"collection":[{"href":"https:\/\/vocesparalelas.com.ar\/sitio\/wp-json\/wp\/v2\/posts"}],"about":[{"href":"https:\/\/vocesparalelas.com.ar\/sitio\/wp-json\/wp\/v2\/types\/post"}],"author":[{"embeddable":true,"href":"https:\/\/vocesparalelas.com.ar\/sitio\/wp-json\/wp\/v2\/users\/3"}],"replies":[{"embeddable":true,"href":"https:\/\/vocesparalelas.com.ar\/sitio\/wp-json\/wp\/v2\/comments?post=43129"}],"version-history":[{"count":1,"href":"https:\/\/vocesparalelas.com.ar\/sitio\/wp-json\/wp\/v2\/posts\/43129\/revisions"}],"predecessor-version":[{"id":43132,"href":"https:\/\/vocesparalelas.com.ar\/sitio\/wp-json\/wp\/v2\/posts\/43129\/revisions\/43132"}],"wp:featuredmedia":[{"embeddable":true,"href":"https:\/\/vocesparalelas.com.ar\/sitio\/wp-json\/wp\/v2\/media\/43131"}],"wp:attachment":[{"href":"https:\/\/vocesparalelas.com.ar\/sitio\/wp-json\/wp\/v2\/media?parent=43129"}],"wp:term":[{"taxonomy":"category","embeddable":true,"href":"https:\/\/vocesparalelas.com.ar\/sitio\/wp-json\/wp\/v2\/categories?post=43129"},{"taxonomy":"post_tag","embeddable":true,"href":"https:\/\/vocesparalelas.com.ar\/sitio\/wp-json\/wp\/v2\/tags?post=43129"}],"curies":[{"name":"wp","href":"https:\/\/api.w.org\/{rel}","templated":true}]}}