{"id":43123,"date":"2021-10-22T22:09:39","date_gmt":"2021-10-23T01:09:39","guid":{"rendered":"https:\/\/vocesparalelas.com.ar\/sitio\/?p=43123"},"modified":"2021-10-22T22:09:39","modified_gmt":"2021-10-23T01:09:39","slug":"fondos-de-la-nacion-para-proyecto-de-la-nueva-terminal-de-omnibus-de-san-juan","status":"publish","type":"post","link":"https:\/\/vocesparalelas.com.ar\/sitio\/fondos-de-la-nacion-para-proyecto-de-la-nueva-terminal-de-omnibus-de-san-juan\/","title":{"rendered":"Fondos de la Naci\u00f3n para proyecto de la nueva Terminal de \u00d3mnibus de San Juan"},"content":{"rendered":"<p>El gobernador de San Juan, Dr. Sergio U\u00f1ac, se reuni\u00f3 en Buenos Aires con el ministro de Transporte de la Naci\u00f3n, Prof. Alexis Guerrera para avanzar en el convenio de asistencia t\u00e9cnica, econ\u00f3mica y financiera, firmado anteriormente, para la construcci\u00f3n de una nueva terminal de \u00f3mnibus.<\/p>\n<p>La concreci\u00f3n de estas obras permitir\u00e1 mejorar integralmente la calidad y la eficacia del servicio de transporte p\u00fablico en la provincia y requerir\u00e1 una inversi\u00f3n estimada de $ 2.517.641.452. Este monto se traduce al 70% de la obra que tiene un valor total de $3.500 millones. El resto ser\u00e1 financiado por la Provincia.<\/p>\n<p>La nueva Terminal de \u00d3mnibus estar\u00e1 emplazada en la zona donde en la actualidad se encuentra el Monumento al Gaucho, en Santa Luc\u00eda. Este predio, que se encuentra en Ruta 20, tiene una ubicaci\u00f3n estrat\u00e9gica para la nueva terminal porque la har\u00e1 m\u00e1s accesible a la circulaci\u00f3n.<\/p>\n<p>El Gobierno de la provincia comenz\u00f3 las gestiones de un proyecto para la nueva terminal en 2017. Esto es porque la actual, emplazada en Capital, tiene casi 50 a\u00f1os y est\u00e1 desactualizada.<\/p>\n<p>El primer mandatario provincial estuvo acompa\u00f1ado durante el encuentro, que tuvo lugar en la sede de la cartera nacional, por los ministros de Gobierno, Dra. Fabiola Aubone y de Obras y Servicios P\u00fablicos, Ing. Julio Ortiz Andino.<\/p>\n","protected":false},"excerpt":{"rendered":"<p>El gobernador de San Juan, Dr. Sergio U\u00f1ac, se reuni\u00f3 en Buenos Aires con el ministro de Transporte de la<\/p>\n","protected":false},"author":3,"featured_media":43125,"comment_status":"closed","ping_status":"closed","sticky":false,"template":"","format":"standard","meta":{"_acf_changed":false,"_seopress_robots_primary_cat":"none","_seopress_titles_title":"","_seopress_titles_desc":"","_seopress_robots_index":"","colormag_page_container_layout":"default_layout","colormag_page_sidebar_layout":"default_layout","footnotes":""},"categories":[1],"tags":[],"class_list":["post-43123","post","type-post","status-publish","format-standard","has-post-thumbnail","hentry","category-destacadas"],"acf":[],"_links":{"self":[{"href":"https:\/\/vocesparalelas.com.ar\/sitio\/wp-json\/wp\/v2\/posts\/43123","targetHints":{"allow":["GET"]}}],"collection":[{"href":"https:\/\/vocesparalelas.com.ar\/sitio\/wp-json\/wp\/v2\/posts"}],"about":[{"href":"https:\/\/vocesparalelas.com.ar\/sitio\/wp-json\/wp\/v2\/types\/post"}],"author":[{"embeddable":true,"href":"https:\/\/vocesparalelas.com.ar\/sitio\/wp-json\/wp\/v2\/users\/3"}],"replies":[{"embeddable":true,"href":"https:\/\/vocesparalelas.com.ar\/sitio\/wp-json\/wp\/v2\/comments?post=43123"}],"version-history":[{"count":1,"href":"https:\/\/vocesparalelas.com.ar\/sitio\/wp-json\/wp\/v2\/posts\/43123\/revisions"}],"predecessor-version":[{"id":43126,"href":"https:\/\/vocesparalelas.com.ar\/sitio\/wp-json\/wp\/v2\/posts\/43123\/revisions\/43126"}],"wp:featuredmedia":[{"embeddable":true,"href":"https:\/\/vocesparalelas.com.ar\/sitio\/wp-json\/wp\/v2\/media\/43125"}],"wp:attachment":[{"href":"https:\/\/vocesparalelas.com.ar\/sitio\/wp-json\/wp\/v2\/media?parent=43123"}],"wp:term":[{"taxonomy":"category","embeddable":true,"href":"https:\/\/vocesparalelas.com.ar\/sitio\/wp-json\/wp\/v2\/categories?post=43123"},{"taxonomy":"post_tag","embeddable":true,"href":"https:\/\/vocesparalelas.com.ar\/sitio\/wp-json\/wp\/v2\/tags?post=43123"}],"curies":[{"name":"wp","href":"https:\/\/api.w.org\/{rel}","templated":true}]}}