{"id":43101,"date":"2021-10-22T20:29:36","date_gmt":"2021-10-22T23:29:36","guid":{"rendered":"https:\/\/vocesparalelas.com.ar\/sitio\/?p=43101"},"modified":"2021-10-26T00:01:28","modified_gmt":"2021-10-26T03:01:28","slug":"entregaron-los-diplomas-del-concurso-san-juan-escribe","status":"publish","type":"post","link":"https:\/\/vocesparalelas.com.ar\/sitio\/entregaron-los-diplomas-del-concurso-san-juan-escribe\/","title":{"rendered":"Entregaron los diplomas del Concurso San Juan Escribe"},"content":{"rendered":"<div class=\"itemFullText jbintrotext\">\n<p>Encabezada por el vicegobernador Roberto Gattoni y el intendente municipal de Rawson, Rub\u00e9n Garc\u00eda, fue llevada la ceremonia en cuyo transcurso fueron entregados los diplomas a los ganadores de las diversas categor\u00edas del concurso San Juan Escribe, cumplida en la c\u00fapula del complejo deportivo y cultural La Superiora, del departamento Rawson.<\/p>\n<p>La mesa de autoridades estuvo presidida por el vicegobernador Gattoni y el intendente Garc\u00eda y acompa\u00f1aron el rector de la Universidad Nacional de San Juan (UNSJ), Tadeo Berenguer; la diputada por el departamento Pocito, Marcela Monti; el intendente municipal de Santa Luc\u00eda, Juan Jos\u00e9 Orrego; el intendente municipal de Rivadavia, Fabi\u00e1n Mart\u00edn; el presidente del Concejo Deliberante del municipio capitalino, Ariel Palma; el diputado por Valle F\u00e9rtil, Silvio Atencio y el coordinador del concurso San Juan Escribe, Mario Zaguirre.<\/p>\n<\/div>\n<div class=\"itemFullText\">\n<p>Tambi\u00e9n estuvieron presentes el presidente del bloque Justicialista, Juan Carlos Abarca junto a su esposa la senadora nacional Cristina L\u00f3pez;\u00a0 las diputadas provinciales Marcela Monti, Fernanda Paredes, Cecilia Ramella y los legisladores provinciales Rodolfo Jalife, Gustavo Rodr\u00edguez, Jos\u00e9 Luis Esteve, Rub\u00e9n Carri\u00f3n, Gast\u00f3n Berenguer, Horacio Quiroga, Leonardo Gioja; el legislador representante del departamento Rawson, Juan Carlos Gioja; el vicepresidente segundo de la C\u00e1mara de Diputados, legislador Carlos Platero; el presidente del bloque Producci\u00f3n y Trabajo, diputado Sergio Miodowsky y los secretarios Legislativo y Administrativo de la C\u00e1mara de Diputados, Nicol\u00e1s Alvo y Roberto Iglesias, respectivamente.<\/p>\n<p><img loading=\"lazy\" decoding=\"async\" class=\"alignnone wp-image-43104 size-large\" src=\"https:\/\/vocesparalelas.com.ar\/sitio\/wp-content\/uploads\/2021\/10\/CAMARA-ESCRIBE-02-800x515.jpg\" alt=\"\" width=\"800\" height=\"515\" srcset=\"https:\/\/vocesparalelas.com.ar\/sitio\/wp-content\/uploads\/2021\/10\/CAMARA-ESCRIBE-02-800x515.jpg 800w, https:\/\/vocesparalelas.com.ar\/sitio\/wp-content\/uploads\/2021\/10\/CAMARA-ESCRIBE-02-300x193.jpg 300w, https:\/\/vocesparalelas.com.ar\/sitio\/wp-content\/uploads\/2021\/10\/CAMARA-ESCRIBE-02-768x494.jpg 768w, https:\/\/vocesparalelas.com.ar\/sitio\/wp-content\/uploads\/2021\/10\/CAMARA-ESCRIBE-02.jpg 1024w\" sizes=\"auto, (max-width: 800px) 100vw, 800px\" \/><\/p>\n<p><img loading=\"lazy\" decoding=\"async\" class=\"alignnone wp-image-43105 size-large\" src=\"https:\/\/vocesparalelas.com.ar\/sitio\/wp-content\/uploads\/2021\/10\/CAMARA-ESCRIBE-03-800x534.jpg\" alt=\"\" width=\"800\" height=\"534\" srcset=\"https:\/\/vocesparalelas.com.ar\/sitio\/wp-content\/uploads\/2021\/10\/CAMARA-ESCRIBE-03-800x534.jpg 800w, https:\/\/vocesparalelas.com.ar\/sitio\/wp-content\/uploads\/2021\/10\/CAMARA-ESCRIBE-03-300x200.jpg 300w, https:\/\/vocesparalelas.com.ar\/sitio\/wp-content\/uploads\/2021\/10\/CAMARA-ESCRIBE-03-768x512.jpg 768w, https:\/\/vocesparalelas.com.ar\/sitio\/wp-content\/uploads\/2021\/10\/CAMARA-ESCRIBE-03.jpg 1024w\" sizes=\"auto, (max-width: 800px) 100vw, 800px\" \/><\/p>\n<p>Adem\u00e1s, entre otros funcionarios asistieron la secretaria de Cultura de la provincia, Virginia Agote; la secretaria de Cultura y Educaci\u00f3n de Capital, Sandra Barcel\u00f3; el director de Cultura y Educaci\u00f3n capitalino, Claudio Vera.<\/p>\n<p>Tras la exhibici\u00f3n de un video con testimonios de los jurados del certamen, hizo uso de la palabra el intendente Rub\u00e9n Garc\u00eda, quien destac\u00f3 la trascendencia del certamen.<\/p>\n<p>Inmediatamente despu\u00e9s fueron entregados los diplomas en las diversas categor\u00edas y, a continuaci\u00f3n se dirigi\u00f3 a los presentes el vicegobernador y presidente nato de la C\u00e1mara de Diputados, Roberto Gattoni, quien hizo especial hincapi\u00e9 en agradecer a todos y cada uno de quienes hab\u00edan colaborado para la concreci\u00f3n de este concurso y en especial tuvo especiales palabras para la colaboraci\u00f3n de la UNSJ; por el Fondo Editorial en la persona de Sandra Luna.<\/p>\n<p>Tambi\u00e9n mencion\u00f3 al director de Relaciones con la Comunidad, Ubaldo Hidalgo y a todo el personal de la C\u00e1mara de Diputados que hab\u00eda colaborado por el compromiso adquirido.<\/p>\n<p><iframe loading=\"lazy\" title=\"Emisi\u00f3n en directo de C\u00e1mara de Diputados de San Juan\" width=\"800\" height=\"450\" src=\"https:\/\/www.youtube.com\/embed\/OomePkWez3g?feature=oembed\" frameborder=\"0\" allow=\"accelerometer; autoplay; clipboard-write; encrypted-media; gyroscope; picture-in-picture\" allowfullscreen><\/iframe><\/p>\n<p><strong><span style=\"color: #339966;\">Los premiados<\/span><\/strong><\/p>\n<p><strong><span style=\"color: #339966;\">Categor\u00eda Poemas<\/span><\/strong><\/p>\n<ul>\n<li><span style=\"color: #339966;\"><strong>Primer lugar:<\/strong> <\/span>Gibosa Menguante, \u00a0Carla Marcela Grosman Miranda, Capital;<\/li>\n<li><strong><span style=\"color: #339966;\">Segundo lugar:<\/span><\/strong> Delirios de Autor \u2013 Autor de Delirios, Jorge \u00c1lvaro Olmedo, Rawson;<\/li>\n<li><strong><span style=\"color: #339966;\">Menci\u00f3n:<\/span> <\/strong>El hilo materno, Paula Florencia Leyes N\u00fa\u00f1ez, Capital.<\/li>\n<\/ul>\n<p><span style=\"color: #339966;\"><strong>Categor\u00eda Novela<\/strong><\/span><\/p>\n<ul>\n<li><span style=\"color: #339966;\"><strong>Primer lugar:<\/strong> <\/span>Saraza. Un rompecabezas sobre la incomunicaci\u00f3n, Mar\u00eda Alicia Musacchio, Valle F\u00e9rtil;<\/li>\n<li><span style=\"color: #339966;\"><strong>Segundo lugar,<\/strong><\/span> La parabellum del mono, Miguel Antonio Balaguer Navas, Rawson;<\/li>\n<li><span style=\"color: #339966;\"><strong>Menci\u00f3n:<\/strong><\/span> C\u00edrculo octavo, Lilian Rosa Ocampo, Capital.<\/li>\n<\/ul>\n<p><strong><span style=\"color: #339966;\">Categor\u00eda Cuentos y Relatos<\/span><\/strong><\/p>\n<ul>\n<li><strong><span style=\"color: #339966;\">Primer lugar:<\/span><\/strong> Siestas, Iv\u00e1n Jos\u00e9 Mart\u00ednez, Capital;<\/li>\n<li><strong><span style=\"color: #339966;\">Segundo lugar:<\/span><\/strong> De ciertas historias sanjuaninas, Nahuel Eduardo Aciar Vargas, Rivadavia;<\/li>\n<li><span style=\"color: #339966;\"><strong>Menci\u00f3n:<\/strong><\/span> Cuentos para erradicar, Mirta Edith P\u00e9rez, Rawson.<\/li>\n<\/ul>\n<p><span style=\"color: #339966;\"><strong>Categor\u00eda Relatos breves<\/strong><\/span><\/p>\n<ul>\n<li><strong><span style=\"color: #339966;\">Primer lugar:<\/span> <\/strong>\u00bfAcaso no persisten las robustas sinfon\u00edas suspendidas en el aire?, Dar\u00edo Josu\u00e9 Flores, Capital; <strong><span style=\"color: #339966;\">Segundo lugar:<\/span><\/strong> A\u00fan quedamos en pie, Melisa Laura Cabello, Capital;<\/li>\n<li><strong><span style=\"color: #339966;\">Menci\u00f3n:<\/span><\/strong> El callej\u00f3n Monteagudo, Mar\u00eda Cristina S\u00e1nchez, Capital.<\/li>\n<\/ul>\n<p><strong><span style=\"color: #339966;\">Categor\u00eda Ensayos<\/span><\/strong><\/p>\n<ul>\n<li><strong><span style=\"color: #339966;\">Primer lugar:<\/span><\/strong> La Argentina \u00bfuna democracia medieval? Discurso ficcional sobre el poder de las sociedades modernas, Federico Javier As\u00eds Gonz\u00e1lez, Santa Luc\u00eda;<\/li>\n<li><strong><span style=\"color: #339966;\">Segundo lugar:<\/span><\/strong> Una reflexi\u00f3n sobre la libertad, Luis Norberto Alonso, Capital;<\/li>\n<li><strong><span style=\"color: #339966;\">Menciones:<\/span><\/strong> Una muerte programada, Marianela Beatriz Vergara, Capital y Vino Dom Pepi\u00f1\u00f3n. Historia de un sue\u00f1o de amor a Dios, Jos\u00e9 Mar\u00eda Nieto Mart\u00edn, Rawson.<\/li>\n<\/ul>\n<p><strong><span style=\"color: #339966;\">Categor\u00eda Tesis, tesinas y trabajos de investigaci\u00f3n<\/span><\/strong><\/p>\n<ul>\n<li><strong><span style=\"color: #339966;\">Primer Lugar:<\/span><\/strong> Mapa de riesgo s\u00edsmico en el departamento Capital, Luciana Marisel Narv\u00e1ez, de Pocito;<\/li>\n<li><span style=\"color: #339966;\"><strong>Segundo lugar:<\/strong> <\/span>Habitar el proyecto, Iv\u00e1n Jos\u00e9 Mart\u00ednez, Capital;<\/li>\n<li><span style=\"color: #339966;\"><strong>Menciones:<\/strong> <\/span>Todo f\u00fatbol pasado fue mejor. La mirada de referentes primarios sobre el f\u00fatbol en San Juan entre 1960-1980, Maximiliano Rodolfo Mart\u00ednez, Capital e Historia del arte del Peque\u00f1o Bastardo, Jesica V. Godoy, Capital.<\/li>\n<\/ul>\n<p><span style=\"color: #339966;\"><strong>Categor\u00eda Drama<\/strong><\/span><\/p>\n<ul>\n<li><span style=\"color: #339966;\"><strong>Primer lugar:<\/strong><\/span> Informe Baker, Dana Marina Botti, Rivadavia.<\/li>\n<\/ul>\n<p><span style=\"color: #339966;\"><strong>Categor\u00eda Farsa<\/strong><\/span><\/p>\n<ul>\n<li><span style=\"color: #339966;\"><strong>Primer lugar:<\/strong> <\/span>Voz en off, Mar\u00eda Eliana Acosta, Capital;<\/li>\n<li><strong><span style=\"color: #339966;\">Segundo lugar:<\/span> <\/strong>Representantes, improvisaciones sobre el Pre\u00e1mbulo de la Constituci\u00f3n Argentina, Dana Marina Botti; Rivadavia;<\/li>\n<li><strong><span style=\"color: #339966;\">Menciones:<\/span><\/strong> Cerveza o sobre como un happy hour no es tan happy, Mar\u00eda Valentina Viviani Arturo, Rivadavia.<\/li>\n<\/ul>\n<p><img loading=\"lazy\" decoding=\"async\" class=\"alignnone wp-image-43107 size-large\" src=\"https:\/\/vocesparalelas.com.ar\/sitio\/wp-content\/uploads\/2021\/10\/CAMARA-ESCRIBE-05-800x584.jpg\" alt=\"\" width=\"800\" height=\"584\" srcset=\"https:\/\/vocesparalelas.com.ar\/sitio\/wp-content\/uploads\/2021\/10\/CAMARA-ESCRIBE-05-800x584.jpg 800w, https:\/\/vocesparalelas.com.ar\/sitio\/wp-content\/uploads\/2021\/10\/CAMARA-ESCRIBE-05-300x219.jpg 300w, https:\/\/vocesparalelas.com.ar\/sitio\/wp-content\/uploads\/2021\/10\/CAMARA-ESCRIBE-05-768x561.jpg 768w, https:\/\/vocesparalelas.com.ar\/sitio\/wp-content\/uploads\/2021\/10\/CAMARA-ESCRIBE-05.jpg 1024w\" sizes=\"auto, (max-width: 800px) 100vw, 800px\" \/><\/p>\n<p><img loading=\"lazy\" decoding=\"async\" class=\"alignnone wp-image-43106 size-large\" src=\"https:\/\/vocesparalelas.com.ar\/sitio\/wp-content\/uploads\/2021\/10\/CAMARA-ESCRIBE-04-800x534.jpg\" alt=\"\" width=\"800\" height=\"534\" srcset=\"https:\/\/vocesparalelas.com.ar\/sitio\/wp-content\/uploads\/2021\/10\/CAMARA-ESCRIBE-04-800x534.jpg 800w, https:\/\/vocesparalelas.com.ar\/sitio\/wp-content\/uploads\/2021\/10\/CAMARA-ESCRIBE-04-300x200.jpg 300w, https:\/\/vocesparalelas.com.ar\/sitio\/wp-content\/uploads\/2021\/10\/CAMARA-ESCRIBE-04-768x512.jpg 768w, https:\/\/vocesparalelas.com.ar\/sitio\/wp-content\/uploads\/2021\/10\/CAMARA-ESCRIBE-04.jpg 1024w\" sizes=\"auto, (max-width: 800px) 100vw, 800px\" \/><\/p>\n<\/div>\n<p>&nbsp;<\/p>\n","protected":false},"excerpt":{"rendered":"<p>Encabezada por el vicegobernador Roberto Gattoni y el intendente municipal de Rawson, Rub\u00e9n Garc\u00eda, fue llevada la ceremonia en cuyo<\/p>\n","protected":false},"author":3,"featured_media":43103,"comment_status":"closed","ping_status":"closed","sticky":false,"template":"","format":"video","meta":{"_acf_changed":false,"_seopress_robots_primary_cat":"none","_seopress_titles_title":"","_seopress_titles_desc":"","_seopress_robots_index":"","colormag_page_container_layout":"default_layout","colormag_page_sidebar_layout":"default_layout","footnotes":""},"categories":[8,7],"tags":[],"class_list":["post-43101","post","type-post","status-publish","format-video","has-post-thumbnail","hentry","category-concursos","category-videos","post_format-post-format-video"],"acf":[],"_links":{"self":[{"href":"https:\/\/vocesparalelas.com.ar\/sitio\/wp-json\/wp\/v2\/posts\/43101","targetHints":{"allow":["GET"]}}],"collection":[{"href":"https:\/\/vocesparalelas.com.ar\/sitio\/wp-json\/wp\/v2\/posts"}],"about":[{"href":"https:\/\/vocesparalelas.com.ar\/sitio\/wp-json\/wp\/v2\/types\/post"}],"author":[{"embeddable":true,"href":"https:\/\/vocesparalelas.com.ar\/sitio\/wp-json\/wp\/v2\/users\/3"}],"replies":[{"embeddable":true,"href":"https:\/\/vocesparalelas.com.ar\/sitio\/wp-json\/wp\/v2\/comments?post=43101"}],"version-history":[{"count":1,"href":"https:\/\/vocesparalelas.com.ar\/sitio\/wp-json\/wp\/v2\/posts\/43101\/revisions"}],"predecessor-version":[{"id":43108,"href":"https:\/\/vocesparalelas.com.ar\/sitio\/wp-json\/wp\/v2\/posts\/43101\/revisions\/43108"}],"wp:featuredmedia":[{"embeddable":true,"href":"https:\/\/vocesparalelas.com.ar\/sitio\/wp-json\/wp\/v2\/media\/43103"}],"wp:attachment":[{"href":"https:\/\/vocesparalelas.com.ar\/sitio\/wp-json\/wp\/v2\/media?parent=43101"}],"wp:term":[{"taxonomy":"category","embeddable":true,"href":"https:\/\/vocesparalelas.com.ar\/sitio\/wp-json\/wp\/v2\/categories?post=43101"},{"taxonomy":"post_tag","embeddable":true,"href":"https:\/\/vocesparalelas.com.ar\/sitio\/wp-json\/wp\/v2\/tags?post=43101"}],"curies":[{"name":"wp","href":"https:\/\/api.w.org\/{rel}","templated":true}]}}