{"id":43085,"date":"2021-10-21T21:14:03","date_gmt":"2021-10-22T00:14:03","guid":{"rendered":"https:\/\/vocesparalelas.com.ar\/sitio\/?p=43085"},"modified":"2021-10-26T00:02:28","modified_gmt":"2021-10-26T03:02:28","slug":"firma-de-convenio-para-activar-el-dispositivo-de-abordaje-psico-socio-educativo-en-casos-de-violencia-de-genero","status":"publish","type":"post","link":"https:\/\/vocesparalelas.com.ar\/sitio\/firma-de-convenio-para-activar-el-dispositivo-de-abordaje-psico-socio-educativo-en-casos-de-violencia-de-genero\/","title":{"rendered":"Firma de convenio para activar el Dispositivo de Abordaje psico-socio-educativo en casos de violencia de g\u00e9nero"},"content":{"rendered":"<p>Con el objetivo de implementar un\u00a0Dispositivo de Abordaje psico-socio-educativo\u00a0de todos aquellos varones que ejerzan cualquier tipo de violencia por motivos de g\u00e9nero, el Ministerio de Desarrollo Humano y Promoci\u00f3n Social, a trav\u00e9s de la\u00a0Direcci\u00f3n de la Mujer\u00a0realiz\u00f3 la firma de un convenio con la Corte de Justicia.<\/p>\n<p>Este Dispositivo tiene como objetivo primordial poder hacer una intervenci\u00f3n de orientaci\u00f3n educativa destinada a efectuar cambios diferenciados en un patr\u00f3n conductual espec\u00edfico con hombres que han tenido alg\u00fan tipo de violencia con sus parejas, ex parejas, ni\u00f1os, ni\u00f1as y adolescentes.<\/p>\n<p>Este espacio de reflexi\u00f3n busca favorecer la construcci\u00f3n de un modelo alternativo a la masculinidad hegem\u00f3nica, con el fin de lograr la eliminaci\u00f3n de las distintas expresiones de violencia en sus relaciones afectivas.<\/p>\n<p>Esto sin dudas constituye una pol\u00edtica de Estado que busca trabajar, a partir de medidas que aborden a los varones, modificando modelos tradicionales que propiciaban la desigualdad, deconstruyendo procesos y legitimaci\u00f3n social de cualquier tipo de violencia hacia las mujeres y personas LGTBQI+.<\/p>\n<p><img loading=\"lazy\" decoding=\"async\" class=\"alignnone wp-image-43063 size-full\" src=\"https:\/\/vocesparalelas.com.ar\/sitio\/wp-content\/uploads\/2021\/10\/JUDICIAL-CONVENIO-01.jpg\" alt=\"\" width=\"800\" height=\"533\" srcset=\"https:\/\/vocesparalelas.com.ar\/sitio\/wp-content\/uploads\/2021\/10\/JUDICIAL-CONVENIO-01.jpg 800w, https:\/\/vocesparalelas.com.ar\/sitio\/wp-content\/uploads\/2021\/10\/JUDICIAL-CONVENIO-01-300x200.jpg 300w, https:\/\/vocesparalelas.com.ar\/sitio\/wp-content\/uploads\/2021\/10\/JUDICIAL-CONVENIO-01-768x512.jpg 768w\" sizes=\"auto, (max-width: 800px) 100vw, 800px\" \/><\/p>\n<p>Por otro lado, el presidente de la Corte de Justicia de San Juan, Dr. Daniel Gustavo Olivares Yapur manifest\u00f3 \u201ceste convenio para el Poder Judicial es de suma trascendencia, en el marco de cada una de las acordadas dictadas por la Corte en perspectiva de g\u00e9nero orientada en este caso particular al tratamiento de aquellas personas que ejercen violencia. Entendemos que es una obligaci\u00f3n social de Estado brindar tratamiento obligatorio a aquellas personas que ejercen violencia, con el fin de lograr su rehabilitaci\u00f3n independientemente con cumplir con prerrogativas correspondientes dictadas por la Justicia\u201d.<\/p>\n<p><iframe loading=\"lazy\" title=\"CORTE JUSTICIA SAN JUAN\" width=\"800\" height=\"450\" src=\"https:\/\/www.youtube.com\/embed\/XxILyUa0gko?feature=oembed\" frameborder=\"0\" allow=\"accelerometer; autoplay; clipboard-write; encrypted-media; gyroscope; picture-in-picture\" allowfullscreen><\/iframe><\/p>\n<p>En este sentido, el ministro de Desarrollo Humano y Promoci\u00f3n Social, Prof. Fabian Aballay destac\u00f3 que \u201cestamos llevando adelante una acci\u00f3n que para el Estado provincial es de suma importancia. Queremos generar acciones p\u00fablicas en donde ambos poderes nos comprometemos a generar espacios de contenci\u00f3n en el que vamos a trabajar sobre la otra parte, la de quien ejerce violencia a trav\u00e9s de este nuevo dispositivo. La problem\u00e1tica de la violencia de g\u00e9nero es un tema sensible y que debe ocuparnos a cada uno de los poderes del Estado\u201d.<\/p>\n<p><iframe loading=\"lazy\" title=\"CORTE JUSTICIA SAN JUAN\" width=\"800\" height=\"450\" src=\"https:\/\/www.youtube.com\/embed\/Xzn5DCwCZEs?feature=oembed\" frameborder=\"0\" allow=\"accelerometer; autoplay; clipboard-write; encrypted-media; gyroscope; picture-in-picture\" allowfullscreen><\/iframe><\/p>\n<p>Para finalizar, la directora de la Mujer, Dra. Adriana Ginestar expres\u00f3 que \u201clas caracter\u00edsticas de este abordaje que se va realizar, es un dispositivo de abordaje psico-socio-educativo para varones que ejercen violencia por motivos de g\u00e9nero. Se trata de una modalidad de ayuda mutua, con un principal objetivo, la protecci\u00f3n integral de las mujeres\u201d.<\/p>\n<p><iframe loading=\"lazy\" title=\"CORTE JUSTICIA SAN JUAN\" width=\"800\" height=\"450\" src=\"https:\/\/www.youtube.com\/embed\/J21wX_vTfO4?feature=oembed\" frameborder=\"0\" allow=\"accelerometer; autoplay; clipboard-write; encrypted-media; gyroscope; picture-in-picture\" allowfullscreen><\/iframe><\/p>\n<p>Estuvieron presentes el ministro de Desarrollo Humano y Promoci\u00f3n Social, Fabian Aballay; los ministros de la Corte de Justica de San juan, Dr. Marcelo Jorge Lima y la Dra. Adriana Garc\u00eda Nieto; el subsecretario de Promoci\u00f3n, Protecci\u00f3n y Desarrollo Social, Marcos Andino; la directora de la Mujer, Adriana Ginestar; la referente de la Oficina de la Mujer de la Corte de Justicia, Dra. Carlina Vallejos; la subdirectora de la Mujer; Victoria Ben\u00edtez; entre otros funcionarios.<\/p>\n<p><span style=\"color: #ff0000;\"><strong>Si sos v\u00edctima o sabes de un caso de Violencia de G\u00e9nero NO dudes en pedir ayuda en las siguientes l\u00edneas:<\/strong><\/span><\/p>\n<ul>\n<li>WhatsApp al 264-486-5622 (las 24 horas).<\/li>\n<li>L\u00ednea 144 (las 24 horas).<\/li>\n<li>L\u00ednea Mujer 0800 666 6351 (las 24 horas).<\/li>\n<li><a href=\"https:\/\/sisanjuan.gob.ar\/desarrollo-humano-y-promocion-social\/2021-05-26\/32214-conoce-las-lineas-de-asistencia-para-mujeres-y-lgbti-victimas-de-violencia-de-genero\">\u00c1reas Mujer\u00a0<\/a>de los 19 departamentos.<\/li>\n<li>Est\u00e1n disponibles los tel\u00e9fonos 4222713 \u2013 4221358 (lunes a viernes de 7 a 13).<\/li>\n<li>Podes escribirnos a\u00a0<span id=\"cloak82398dfb1a53baec5ec440898abee09e\"><a href=\"mailto:sanjuanmujer@gmail.com\">sanjuanmujer@gmail.com<\/a><\/span>.<\/li>\n<li>Podes contactarte con nosotros a trav\u00e9s de\u00a0<a href=\"https:\/\/www.facebook.com\/DirecciondelaMujerSJ\">redes sociales<\/a><\/li>\n<li>Las oficinas est\u00e1n ubicadas en 25 de Mayo 451 (oeste).<\/li>\n<\/ul>\n","protected":false},"excerpt":{"rendered":"<p>Con el objetivo de implementar un\u00a0Dispositivo de Abordaje psico-socio-educativo\u00a0de todos aquellos varones que ejerzan cualquier tipo de violencia por motivos<\/p>\n","protected":false},"author":3,"featured_media":43064,"comment_status":"closed","ping_status":"closed","sticky":false,"template":"","format":"video","meta":{"_acf_changed":false,"_seopress_robots_primary_cat":"none","_seopress_titles_title":"","_seopress_titles_desc":"","_seopress_robots_index":"","colormag_page_container_layout":"default_layout","colormag_page_sidebar_layout":"default_layout","footnotes":""},"categories":[6,7],"tags":[],"class_list":["post-43085","post","type-post","status-publish","format-video","has-post-thumbnail","hentry","category-eventos","category-videos","post_format-post-format-video"],"acf":[],"_links":{"self":[{"href":"https:\/\/vocesparalelas.com.ar\/sitio\/wp-json\/wp\/v2\/posts\/43085","targetHints":{"allow":["GET"]}}],"collection":[{"href":"https:\/\/vocesparalelas.com.ar\/sitio\/wp-json\/wp\/v2\/posts"}],"about":[{"href":"https:\/\/vocesparalelas.com.ar\/sitio\/wp-json\/wp\/v2\/types\/post"}],"author":[{"embeddable":true,"href":"https:\/\/vocesparalelas.com.ar\/sitio\/wp-json\/wp\/v2\/users\/3"}],"replies":[{"embeddable":true,"href":"https:\/\/vocesparalelas.com.ar\/sitio\/wp-json\/wp\/v2\/comments?post=43085"}],"version-history":[{"count":2,"href":"https:\/\/vocesparalelas.com.ar\/sitio\/wp-json\/wp\/v2\/posts\/43085\/revisions"}],"predecessor-version":[{"id":43091,"href":"https:\/\/vocesparalelas.com.ar\/sitio\/wp-json\/wp\/v2\/posts\/43085\/revisions\/43091"}],"wp:featuredmedia":[{"embeddable":true,"href":"https:\/\/vocesparalelas.com.ar\/sitio\/wp-json\/wp\/v2\/media\/43064"}],"wp:attachment":[{"href":"https:\/\/vocesparalelas.com.ar\/sitio\/wp-json\/wp\/v2\/media?parent=43085"}],"wp:term":[{"taxonomy":"category","embeddable":true,"href":"https:\/\/vocesparalelas.com.ar\/sitio\/wp-json\/wp\/v2\/categories?post=43085"},{"taxonomy":"post_tag","embeddable":true,"href":"https:\/\/vocesparalelas.com.ar\/sitio\/wp-json\/wp\/v2\/tags?post=43085"}],"curies":[{"name":"wp","href":"https:\/\/api.w.org\/{rel}","templated":true}]}}