{"id":43078,"date":"2021-10-21T20:05:19","date_gmt":"2021-10-21T23:05:19","guid":{"rendered":"https:\/\/vocesparalelas.com.ar\/sitio\/?p=43078"},"modified":"2021-10-21T20:05:19","modified_gmt":"2021-10-21T23:05:19","slug":"firmaron-un-acuerdo-para-destinar-1-000-millones-a-productores-de-san-juan","status":"publish","type":"post","link":"https:\/\/vocesparalelas.com.ar\/sitio\/firmaron-un-acuerdo-para-destinar-1-000-millones-a-productores-de-san-juan\/","title":{"rendered":"Firmaron un acuerdo para destinar $1.000 millones a productores de San Juan"},"content":{"rendered":"<p>El gobernador de San Juan, Dr. Sergio U\u00f1ac, acord\u00f3 el Jueves, 21 de Octubre, con el presidente del Banco de la Naci\u00f3n Argentina &#8211; BNA -, Lic. Eduardo Hecker, la importante bonificaci\u00f3n de hasta la suma de $ 1.000.000.000, el monto total de los cr\u00e9ditos otorgados por la L\u00ednea 750-20, que bonificar\u00e1 a San Juan y estar\u00e1 vigente hasta el 30 de Junio del 2022.<\/p>\n<p>El acuerdo ofrece\u00a0condiciones especiales para el \u00e1rea productiva local\u00a0con inversiones de criterio amplio y capital de trabajo para empresas enmarcadas en los rubros arriba mencionados.<\/p>\n<p>En este sentido,\u00a0la Provincia tomar\u00e1 a su cargo una bonificaci\u00f3n del 8 por ciento anual sobre la tasa de inter\u00e9s nominal anual\u00a0que se aplique a los pr\u00e9stamos que se otorguen en el marco de la l\u00ednea, a usuarios que cuenten con el certificado de elegibilidad emitido por el Ministerio de Producci\u00f3n y Desarrollo Econ\u00f3mico de San Juan.<\/p>\n<p><img loading=\"lazy\" decoding=\"async\" class=\"alignnone wp-image-43080 size-large\" src=\"https:\/\/vocesparalelas.com.ar\/sitio\/wp-content\/uploads\/2021\/10\/NACION-CONVENIO-BANCO-01-800x533.jpg\" alt=\"\" width=\"800\" height=\"533\" srcset=\"https:\/\/vocesparalelas.com.ar\/sitio\/wp-content\/uploads\/2021\/10\/NACION-CONVENIO-BANCO-01-800x533.jpg 800w, https:\/\/vocesparalelas.com.ar\/sitio\/wp-content\/uploads\/2021\/10\/NACION-CONVENIO-BANCO-01-300x200.jpg 300w, https:\/\/vocesparalelas.com.ar\/sitio\/wp-content\/uploads\/2021\/10\/NACION-CONVENIO-BANCO-01-768x512.jpg 768w, https:\/\/vocesparalelas.com.ar\/sitio\/wp-content\/uploads\/2021\/10\/NACION-CONVENIO-BANCO-01.jpg 1024w\" sizes=\"auto, (max-width: 800px) 100vw, 800px\" \/><\/p>\n<p>Al respecto, el gobernador de San Juan, Dr. Sergio U\u00f1ac destac\u00f3 que \u201cm\u00e1s producci\u00f3n es m\u00e1s empleo genuino y m\u00e1s desarrollo, y este convenio viene a\u00a0fortalecer ese importante pilar de crecimiento. Celebramos esta iniciativa del Banco Naci\u00f3n que contribuye al\u00a0fomento de las inversiones y a la adquisici\u00f3n de capital de trabajo\u00a0en empresas. Sin duda,\u00a0el camino est\u00e1 en la articulaci\u00f3n p\u00fablico privada\u00a0para avanzar en conjunto\u201d expres\u00f3 el primer mandatario provincial.<\/p>\n<p>Agradeci\u00f3 a la entidad bancaria nacional \u201cpor esta firma de convenio y la importante herramienta financiera para fortalecer el desarrollo del empleo privado\u201d.<\/p>\n<p>Finalmente, evalu\u00f3 que \u00abseg\u00fan las \u00faltimas mediciones, somos la provincia con mayor recuperaci\u00f3n del empleo privado\u00a0y esto tiene mucho que ver con eso, ya que\u00a0seguimos generando condiciones para que las empresas inviertan en San Juan\u201d.<\/p>\n<p>Por su parte, el Presidente del BNA, Lic. Eduardo Hecker reivindic\u00f3 el rol del mayor banco p\u00fablico del pa\u00eds como una herramienta fundamental para ampliar la producci\u00f3n y los puestos de trabajo en la provincia, y record\u00f3 adem\u00e1s que el financiamiento es posible porque \u201cel Banco Naci\u00f3n reconstruy\u00f3 su capacidad crediticia para la ejecuci\u00f3n de proyectos de inversi\u00f3n y crecimiento en toda la Argentina\u00bb.<\/p>\n<p>La bonificaci\u00f3n se mantendr\u00e1 vigente durante los primeros 36 meses del pr\u00e9stamo en el caso del financiamiento de inversiones y durante los 12 primeros meses del pr\u00e9stamo en el caso de financiamiento de capital de trabajo. Una vez transcurridos los 36 meses o 12 meses mencionados, el cliente abonar\u00e1 la tasa de inter\u00e9s completa de la l\u00ednea.<\/p>\n<p>&nbsp;<\/p>\n<p>&nbsp;<\/p>\n<p>&nbsp;<\/p>\n","protected":false},"excerpt":{"rendered":"<p>El gobernador de San Juan, Dr. Sergio U\u00f1ac, acord\u00f3 el Jueves, 21 de Octubre, con el presidente del Banco de<\/p>\n","protected":false},"author":3,"featured_media":43081,"comment_status":"closed","ping_status":"closed","sticky":false,"template":"","format":"standard","meta":{"_acf_changed":false,"_seopress_robots_primary_cat":"none","_seopress_titles_title":"","_seopress_titles_desc":"","_seopress_robots_index":"","colormag_page_container_layout":"default_layout","colormag_page_sidebar_layout":"default_layout","footnotes":""},"categories":[1],"tags":[],"class_list":["post-43078","post","type-post","status-publish","format-standard","has-post-thumbnail","hentry","category-destacadas"],"acf":[],"_links":{"self":[{"href":"https:\/\/vocesparalelas.com.ar\/sitio\/wp-json\/wp\/v2\/posts\/43078","targetHints":{"allow":["GET"]}}],"collection":[{"href":"https:\/\/vocesparalelas.com.ar\/sitio\/wp-json\/wp\/v2\/posts"}],"about":[{"href":"https:\/\/vocesparalelas.com.ar\/sitio\/wp-json\/wp\/v2\/types\/post"}],"author":[{"embeddable":true,"href":"https:\/\/vocesparalelas.com.ar\/sitio\/wp-json\/wp\/v2\/users\/3"}],"replies":[{"embeddable":true,"href":"https:\/\/vocesparalelas.com.ar\/sitio\/wp-json\/wp\/v2\/comments?post=43078"}],"version-history":[{"count":1,"href":"https:\/\/vocesparalelas.com.ar\/sitio\/wp-json\/wp\/v2\/posts\/43078\/revisions"}],"predecessor-version":[{"id":43082,"href":"https:\/\/vocesparalelas.com.ar\/sitio\/wp-json\/wp\/v2\/posts\/43078\/revisions\/43082"}],"wp:featuredmedia":[{"embeddable":true,"href":"https:\/\/vocesparalelas.com.ar\/sitio\/wp-json\/wp\/v2\/media\/43081"}],"wp:attachment":[{"href":"https:\/\/vocesparalelas.com.ar\/sitio\/wp-json\/wp\/v2\/media?parent=43078"}],"wp:term":[{"taxonomy":"category","embeddable":true,"href":"https:\/\/vocesparalelas.com.ar\/sitio\/wp-json\/wp\/v2\/categories?post=43078"},{"taxonomy":"post_tag","embeddable":true,"href":"https:\/\/vocesparalelas.com.ar\/sitio\/wp-json\/wp\/v2\/tags?post=43078"}],"curies":[{"name":"wp","href":"https:\/\/api.w.org\/{rel}","templated":true}]}}