{"id":43075,"date":"2021-10-21T19:39:59","date_gmt":"2021-10-21T22:39:59","guid":{"rendered":"https:\/\/vocesparalelas.com.ar\/sitio\/?p=43075"},"modified":"2021-10-24T23:38:45","modified_gmt":"2021-10-25T02:38:45","slug":"taller-utilizacion-de-herramientas-del-entorno-virtual-de-aprendizaje-moodle","status":"publish","type":"post","link":"https:\/\/vocesparalelas.com.ar\/sitio\/taller-utilizacion-de-herramientas-del-entorno-virtual-de-aprendizaje-moodle\/","title":{"rendered":"Taller \u201cUtilizaci\u00f3n de Herramientas del entorno virtual de aprendizaje Moodle\u201d"},"content":{"rendered":"<p>Con el objetivo de formar a los estudiantes tutores, gu\u00edas, auxiliares docentes de segunda categor\u00eda alumno, centros de estudiantes y asociaciones se realiza el Taller \u201cUtilizaci\u00f3n de Herramientas del entorno virtual de aprendizaje Moodle\u201d.<\/p>\n<p>El Sistema Institucional de Educaci\u00f3n a Distancia de la UNSJ &#8211; SIED &#8211; se propone, a trav\u00e9s de esta capacitaci\u00f3n, fortalecer el acompa\u00f1amiento a estudiantes en la opci\u00f3n pedag\u00f3gica a distancia, especialmente en el uso de las herramientas del entorno virtual de aprendizaje Moodle, del Campus Virtual de la UNSJ.<\/p>\n<p>El taller busca capacitar a los alumnos que desempe\u00f1an el rol de acompa\u00f1ar la trayectoria estudiantil, especialmente la trayectoria virtual del proceso de aprendizaje que ha planteado la situaci\u00f3n de emergencia sanitaria actual.<\/p>\n<p>Esta formaci\u00f3n permite iniciar el 2022, con tutores preparados para guiar principalmente a los ingresantes y a quienes se incorporan al Campus Virtual de la UNSJ.<\/p>\n<p><span style=\"color: #339966;\"><strong><span style=\"color: #339966;\">Metodolog\u00eda<\/span> y cronograma<\/strong><\/span><\/p>\n<p><span style=\"color: #000000;\">El taller se desarrolla de la siguiente forma:<\/span><\/p>\n<ul>\n<li>Encuentros sincr\u00f3nicos (2 horas cada d\u00eda Lunes 25 de Octubre de 19.00 hs a 21.00 hs y Jueves 28 de octubre de 19.00 hs a 21.00 hs).<\/li>\n<li>Actividades propuestas para ser desarrolladas en momentos asincr\u00f3nicos (4 horas).<\/li>\n<li>Encuentro sincr\u00f3nico destinado a la reflexi\u00f3n e intercambio de ideas y cierre del curso (2 horas): Fecha a acordar.<\/li>\n<\/ul>\n<p><strong><span style=\"color: #339966;\">Formulario de Inscripci\u00f3n<\/span><\/strong><\/p>\n<p><a href=\"https:\/\/docs.google.com\/forms\/d\/e\/1FAIpQLSfTqYLoVgBLKsfCK_F04E22DiqDIgxTh5OMdkUVVo1mwc952Q\/viewform\">https:\/\/docs.google.com\/forms\/d\/e\/1FAIpQLSfTqYLoVgBLKsfCK_F04E22DiqDIgxTh5OMdkUVVo1mwc952Q\/viewform<\/a><\/p>\n<p>&nbsp;<\/p>\n<p>&nbsp;<\/p>\n","protected":false},"excerpt":{"rendered":"<p>Con el objetivo de formar a los estudiantes tutores, gu\u00edas, auxiliares docentes de segunda categor\u00eda alumno, centros de estudiantes y<\/p>\n","protected":false},"author":3,"featured_media":28337,"comment_status":"closed","ping_status":"closed","sticky":false,"template":"","format":"standard","meta":{"_acf_changed":false,"_seopress_robots_primary_cat":"none","_seopress_titles_title":"","_seopress_titles_desc":"","_seopress_robots_index":"","colormag_page_container_layout":"default_layout","colormag_page_sidebar_layout":"default_layout","footnotes":""},"categories":[9],"tags":[],"class_list":["post-43075","post","type-post","status-publish","format-standard","has-post-thumbnail","hentry","category-cursos"],"acf":[],"_links":{"self":[{"href":"https:\/\/vocesparalelas.com.ar\/sitio\/wp-json\/wp\/v2\/posts\/43075","targetHints":{"allow":["GET"]}}],"collection":[{"href":"https:\/\/vocesparalelas.com.ar\/sitio\/wp-json\/wp\/v2\/posts"}],"about":[{"href":"https:\/\/vocesparalelas.com.ar\/sitio\/wp-json\/wp\/v2\/types\/post"}],"author":[{"embeddable":true,"href":"https:\/\/vocesparalelas.com.ar\/sitio\/wp-json\/wp\/v2\/users\/3"}],"replies":[{"embeddable":true,"href":"https:\/\/vocesparalelas.com.ar\/sitio\/wp-json\/wp\/v2\/comments?post=43075"}],"version-history":[{"count":1,"href":"https:\/\/vocesparalelas.com.ar\/sitio\/wp-json\/wp\/v2\/posts\/43075\/revisions"}],"predecessor-version":[{"id":43077,"href":"https:\/\/vocesparalelas.com.ar\/sitio\/wp-json\/wp\/v2\/posts\/43075\/revisions\/43077"}],"wp:featuredmedia":[{"embeddable":true,"href":"https:\/\/vocesparalelas.com.ar\/sitio\/wp-json\/wp\/v2\/media\/28337"}],"wp:attachment":[{"href":"https:\/\/vocesparalelas.com.ar\/sitio\/wp-json\/wp\/v2\/media?parent=43075"}],"wp:term":[{"taxonomy":"category","embeddable":true,"href":"https:\/\/vocesparalelas.com.ar\/sitio\/wp-json\/wp\/v2\/categories?post=43075"},{"taxonomy":"post_tag","embeddable":true,"href":"https:\/\/vocesparalelas.com.ar\/sitio\/wp-json\/wp\/v2\/tags?post=43075"}],"curies":[{"name":"wp","href":"https:\/\/api.w.org\/{rel}","templated":true}]}}