{"id":43042,"date":"2021-10-21T00:32:17","date_gmt":"2021-10-21T03:32:17","guid":{"rendered":"https:\/\/vocesparalelas.com.ar\/sitio\/?p=43042"},"modified":"2021-10-21T00:32:17","modified_gmt":"2021-10-21T03:32:17","slug":"presentaron-el-programa-de-desarrollo-sustentable-de-empresas-en-san-juan","status":"publish","type":"post","link":"https:\/\/vocesparalelas.com.ar\/sitio\/presentaron-el-programa-de-desarrollo-sustentable-de-empresas-en-san-juan\/","title":{"rendered":"Presentaron el Programa de Desarrollo Sustentable de Empresas en San Juan"},"content":{"rendered":"<div class=\"itemFullText jbintrotext\">\n<p>El vicegobernador CPN Roberto Gattoni presidi\u00f3 la presentaci\u00f3n del Programa de Desarrollo Sustentable de Empresas, propuesta conjunta de la Secretar\u00eda de Estado de Ambiente y Desarrollo Sustentable y el Ministerio de Producci\u00f3n y Desarrollo Econ\u00f3mico, quienes destinar\u00e1n financiamientos a los emprendimientos seleccionados.<\/p>\n<\/div>\n<div class=\"itemFullText\">\n<p>En la oportunidad, estuvieron presentes el secretario de Ambiente y Desarrollo Sustentable, Lic. Ra\u00fal Tello; la secretaria de Industria y Comercio, CPN Adriana Vargas Carrera; el diputado provincial, Ra\u00fal Carri\u00f3n; presidentes de c\u00e1maras empresarias; representantes de empresas y p\u00fablico en general.<\/p>\n<p>En tal sentido, este Programa tiene como objetivo alcanzar niveles de gesti\u00f3n de alta calidad en empresas y entidades del \u00e1mbito privado y p\u00fablico de toda la provincia, en los aspectos econ\u00f3mico, social y ambiental para mejorar los niveles de sustentabilidad de cada una.<\/p>\n<p>El segundo objetivo es que las empresas peque\u00f1as, medianas y grandes realicen el ecoetiquetado y certificaci\u00f3n ambiental lo cual apunta a que alcancen altos est\u00e1ndares en la gesti\u00f3n ambiental de sus procesos.<\/p>\n<p>Las empresas, podr\u00e1n aumentar su competitividad al anticiparse a los cambios mundiales respecto del Calentamiento Global, Cambio Clim\u00e1tico mejorando aspectos como Eficiencia Energ\u00e9tica, Huella h\u00eddrica, Huella de carbono, emisi\u00f3n de gases de efecto invernadero, con vistas al 2030.<\/p>\n<p>Mediante este Programa, las empresas podr\u00e1n generar empleo verde mediante agregado de valor a los materiales recuperados de los residuos s\u00f3lidos urbanos y residuos industriales; desarrollar y aplicar modelos de producci\u00f3n y consumo de econom\u00eda circular.<\/p>\n<p>Dentro del Programa, existe el proyecto Producci\u00f3n M\u00e1s Limpia, d\u00f3nde habr\u00e1 un trabajo conjunto con las empresas en la elaboraci\u00f3n y desarrollo de planes de mejora en sus procesos productivos, disminuyendo as\u00ed el impacto ambiental; mejorando la competitividad y aprovechamiento de materiales y recursos de las empresas.<\/p>\n<\/div>\n<p>&nbsp;<\/p>\n","protected":false},"excerpt":{"rendered":"<p>El vicegobernador CPN Roberto Gattoni presidi\u00f3 la presentaci\u00f3n del Programa de Desarrollo Sustentable de Empresas, propuesta conjunta de la Secretar\u00eda<\/p>\n","protected":false},"author":3,"featured_media":43044,"comment_status":"closed","ping_status":"closed","sticky":false,"template":"","format":"standard","meta":{"_acf_changed":false,"_seopress_robots_primary_cat":"none","_seopress_titles_title":"","_seopress_titles_desc":"","_seopress_robots_index":"","colormag_page_container_layout":"default_layout","colormag_page_sidebar_layout":"default_layout","footnotes":""},"categories":[1],"tags":[],"class_list":["post-43042","post","type-post","status-publish","format-standard","has-post-thumbnail","hentry","category-destacadas"],"acf":[],"_links":{"self":[{"href":"https:\/\/vocesparalelas.com.ar\/sitio\/wp-json\/wp\/v2\/posts\/43042","targetHints":{"allow":["GET"]}}],"collection":[{"href":"https:\/\/vocesparalelas.com.ar\/sitio\/wp-json\/wp\/v2\/posts"}],"about":[{"href":"https:\/\/vocesparalelas.com.ar\/sitio\/wp-json\/wp\/v2\/types\/post"}],"author":[{"embeddable":true,"href":"https:\/\/vocesparalelas.com.ar\/sitio\/wp-json\/wp\/v2\/users\/3"}],"replies":[{"embeddable":true,"href":"https:\/\/vocesparalelas.com.ar\/sitio\/wp-json\/wp\/v2\/comments?post=43042"}],"version-history":[{"count":1,"href":"https:\/\/vocesparalelas.com.ar\/sitio\/wp-json\/wp\/v2\/posts\/43042\/revisions"}],"predecessor-version":[{"id":43045,"href":"https:\/\/vocesparalelas.com.ar\/sitio\/wp-json\/wp\/v2\/posts\/43042\/revisions\/43045"}],"wp:featuredmedia":[{"embeddable":true,"href":"https:\/\/vocesparalelas.com.ar\/sitio\/wp-json\/wp\/v2\/media\/43044"}],"wp:attachment":[{"href":"https:\/\/vocesparalelas.com.ar\/sitio\/wp-json\/wp\/v2\/media?parent=43042"}],"wp:term":[{"taxonomy":"category","embeddable":true,"href":"https:\/\/vocesparalelas.com.ar\/sitio\/wp-json\/wp\/v2\/categories?post=43042"},{"taxonomy":"post_tag","embeddable":true,"href":"https:\/\/vocesparalelas.com.ar\/sitio\/wp-json\/wp\/v2\/tags?post=43042"}],"curies":[{"name":"wp","href":"https:\/\/api.w.org\/{rel}","templated":true}]}}