{"id":43026,"date":"2021-10-20T22:26:31","date_gmt":"2021-10-21T01:26:31","guid":{"rendered":"https:\/\/vocesparalelas.com.ar\/sitio\/?p=43026"},"modified":"2021-10-21T23:58:29","modified_gmt":"2021-10-22T02:58:29","slug":"gran-logro-para-los-jubilados-docentes-nacionales-con-el-incremento-en-los-haberes-de-diciembre-2021","status":"publish","type":"post","link":"https:\/\/vocesparalelas.com.ar\/sitio\/gran-logro-para-los-jubilados-docentes-nacionales-con-el-incremento-en-los-haberes-de-diciembre-2021\/","title":{"rendered":"Gran logro para los Jubilados Docentes Nacionales con el incremento en los haberes de Diciembre 2021"},"content":{"rendered":"<p>Desde la CTERA y como consecuencia de las gestiones realizadas por la organizaci\u00f3n, pueden anunciar que se les ha informado, el Martes, 19 de Octubre, desde el Ministerio de Trabajo de Naci\u00f3n, que se otorga un incremento en\u00a0 los haberes de los jubilados docentes y que el mismo se cobrar\u00e1 con el sueldo de Diciembre 2021.<\/p>\n<p>Este porcentaje es un adelanto del aumento que corresponde al mes de Marzo 2022.<\/p>\n<p>Seg\u00fan las estimaciones de CTERA, ser\u00e1 de aproximadamente el 14%, que se sumar\u00e1 a lo cobrado en los meses de Marzo y Septiembre de 2021.<\/p>\n<p>Este es un logro y un anuncio muy importante para los jubilados docentes de las 11 provincias con cajas transferidas a Naci\u00f3n.<\/p>\n<p>CTERA seguir\u00e1\u00a0 poniendo en valor la defensa permanente de la jubilaci\u00f3n docente.<\/p>\n<p>&nbsp;<\/p>\n<p>&nbsp;<\/p>\n<p>&nbsp;<\/p>\n<p>&nbsp;<\/p>\n","protected":false},"excerpt":{"rendered":"<p>Desde la CTERA y como consecuencia de las gestiones realizadas por la organizaci\u00f3n, pueden anunciar que se les ha informado,<\/p>\n","protected":false},"author":3,"featured_media":1906,"comment_status":"closed","ping_status":"closed","sticky":false,"template":"","format":"standard","meta":{"_acf_changed":false,"_seopress_robots_primary_cat":"none","_seopress_titles_title":"","_seopress_titles_desc":"","_seopress_robots_index":"","colormag_page_container_layout":"default_layout","colormag_page_sidebar_layout":"default_layout","footnotes":""},"categories":[6],"tags":[],"class_list":["post-43026","post","type-post","status-publish","format-standard","has-post-thumbnail","hentry","category-eventos"],"acf":[],"_links":{"self":[{"href":"https:\/\/vocesparalelas.com.ar\/sitio\/wp-json\/wp\/v2\/posts\/43026","targetHints":{"allow":["GET"]}}],"collection":[{"href":"https:\/\/vocesparalelas.com.ar\/sitio\/wp-json\/wp\/v2\/posts"}],"about":[{"href":"https:\/\/vocesparalelas.com.ar\/sitio\/wp-json\/wp\/v2\/types\/post"}],"author":[{"embeddable":true,"href":"https:\/\/vocesparalelas.com.ar\/sitio\/wp-json\/wp\/v2\/users\/3"}],"replies":[{"embeddable":true,"href":"https:\/\/vocesparalelas.com.ar\/sitio\/wp-json\/wp\/v2\/comments?post=43026"}],"version-history":[{"count":1,"href":"https:\/\/vocesparalelas.com.ar\/sitio\/wp-json\/wp\/v2\/posts\/43026\/revisions"}],"predecessor-version":[{"id":43028,"href":"https:\/\/vocesparalelas.com.ar\/sitio\/wp-json\/wp\/v2\/posts\/43026\/revisions\/43028"}],"wp:featuredmedia":[{"embeddable":true,"href":"https:\/\/vocesparalelas.com.ar\/sitio\/wp-json\/wp\/v2\/media\/1906"}],"wp:attachment":[{"href":"https:\/\/vocesparalelas.com.ar\/sitio\/wp-json\/wp\/v2\/media?parent=43026"}],"wp:term":[{"taxonomy":"category","embeddable":true,"href":"https:\/\/vocesparalelas.com.ar\/sitio\/wp-json\/wp\/v2\/categories?post=43026"},{"taxonomy":"post_tag","embeddable":true,"href":"https:\/\/vocesparalelas.com.ar\/sitio\/wp-json\/wp\/v2\/tags?post=43026"}],"curies":[{"name":"wp","href":"https:\/\/api.w.org\/{rel}","templated":true}]}}