{"id":42994,"date":"2021-10-20T23:33:16","date_gmt":"2021-10-21T02:33:16","guid":{"rendered":"https:\/\/vocesparalelas.com.ar\/sitio\/?p=42994"},"modified":"2021-10-21T19:17:55","modified_gmt":"2021-10-21T22:17:55","slug":"inauguraron-el-archivo-provincial-de-la-memoria-de-san-juan","status":"publish","type":"post","link":"https:\/\/vocesparalelas.com.ar\/sitio\/inauguraron-el-archivo-provincial-de-la-memoria-de-san-juan\/","title":{"rendered":"Inauguraron el Archivo Provincial de la Memoria de San Juan"},"content":{"rendered":"<div class=\"itemFullText jbintrotext\">\n<p>El titular del Poder Legislativo, CPN Roberto Gattoni, presidi\u00f3 un emotivo acto de inauguraci\u00f3n del Archivo Provincial de la Memoria, que lleva como homenaje el nombre de quien fuera una gran luchadora por los Derechos Humanos, ex presa pol\u00edtica de la provincia, la arquitecta Virginia Rodr\u00edguez que falleci\u00f3 hace unos meses atr\u00e1s. La sede est\u00e1 ubicada en el subsuelo del Centro C\u00edvico, al lado del auditorio Eloy Camus.<\/p>\n<\/div>\n<div class=\"itemFullText\">\n<p>Estuvo presente el legislador Horacio Quiroga, representante de la C\u00e1mara de Diputados en la Mesa Provincial de Derechos Humanos; el parlamentario Gast\u00f3n Berenguer; el presidente del Concejo Deliberante de Capital, Ariel Palma, autoridades de todas las \u00e1reas del Ministerio de Gobierno, rector y vicerrectora de la Universidad Nacional de San Juan (UNSJ), representantes del Poder Legislativo y Judicial de la Provincia, referentes de Agrupaciones de Derechos Humanos, INADI, estudiantes de archiv\u00edstica de la UNSJ, militantes y representantes de diversas instituciones provinciales y regionales.<\/p>\n<p><img loading=\"lazy\" decoding=\"async\" class=\"alignnone wp-image-43047 size-large\" src=\"https:\/\/vocesparalelas.com.ar\/sitio\/wp-content\/uploads\/2021\/10\/ARCHIVO-MEMEORIA-01-800x397.jpg\" alt=\"\" width=\"800\" height=\"397\" srcset=\"https:\/\/vocesparalelas.com.ar\/sitio\/wp-content\/uploads\/2021\/10\/ARCHIVO-MEMEORIA-01-800x397.jpg 800w, https:\/\/vocesparalelas.com.ar\/sitio\/wp-content\/uploads\/2021\/10\/ARCHIVO-MEMEORIA-01-300x149.jpg 300w, https:\/\/vocesparalelas.com.ar\/sitio\/wp-content\/uploads\/2021\/10\/ARCHIVO-MEMEORIA-01-768x381.jpg 768w, https:\/\/vocesparalelas.com.ar\/sitio\/wp-content\/uploads\/2021\/10\/ARCHIVO-MEMEORIA-01.jpg 1024w\" sizes=\"auto, (max-width: 800px) 100vw, 800px\" \/><\/p>\n<p>Durante la ceremonia, el vicegobernador manifest\u00f3 que \u201cpara constituir una sociedad plural, m\u00e1s democr\u00e1tica, el acceso a la memoria es garant\u00eda para que esto suceda, por eso que tengamos a disposici\u00f3n los testimonios documentales nos van a permitir a nuestras generaciones y las generaciones futuras conocer nuestra historia, reflexionar, y evitar as\u00ed a que no vuelvan a ocurrir las atrocidades que realizaron en d\u00e9cadas pasadas en nuestro pa\u00eds\u201d.<\/p>\n<p>Asimismo, destac\u00f3 que \u201cesto es un importante eslab\u00f3n m\u00e1s en la vocaci\u00f3n del gobernador Dr. Sergio U\u00f1ac en construir mejor ciudadan\u00eda, mejor calidad institucional y mejor democracia. Recuerdo que el a\u00f1o pasado y producto de la voluntad ciudadana, en el marco del Acuerdo San Juan se cre\u00f3 la Mesa Provincial de Derechos Humanos, que es sumamente plural. Todos estos eslabones construyen y mejoran nuestra vida democr\u00e1tica\u201d.<\/p>\n<p>Por su parte, la ministro Dra. Fabiola Aubone expres\u00f3 que \u201clo m\u00e1s valioso que hoy logramos es que todos estos documentos se abran a la sociedad sanjuanina, y que quien lo desee pueda consultar el material que ponemos a disposici\u00f3n\u201d.<\/p>\n<p>Seguidamente, record\u00f3 a Virginia Rodr\u00edguez y dijo que \u201ccon el permiso de su familia, recibe el nombre de una militante incansable por los Derechos Humanos, quien estuvo presa siete a\u00f1os en Chimbas. \u00a0Tras su liberaci\u00f3n y vuelta a la democracia comenz\u00f3 fuertemente a militar en organismos de DDHH. Acompa\u00f1\u00f3 los cuatro juicios de lesa humanidad en la provincia y las causas nacionales. Su partida el pasado 5 de junio nos sorprendi\u00f3 y entristeci\u00f3 a todos, a\u00fan hoy te seguimos extra\u00f1ando, pero tu trayectoria y valent\u00eda queda en nosotros para siempre como ejemplo a seguir\u201d.<\/p>\n<p>A su turno, la secretaria de Gobierno, Justicia y Derechos Humanos, Dra. Nerina Eusebi, sostuvo que \u201cestamos siendo parte de un hecho hist\u00f3rico que no ser\u00eda posible sin el trabajo conjunto entre diversos actores. Somos ejemplo latinoamericano y mundial en pol\u00edtica de Derechos Humanos, por eso desde este gobierno llevamos adelante diversas acciones. En marzo restauramos y se\u00f1alizamos Sitios Memoria, adherimos a la ley nacional de Sitios Memoria e implementamos el programa J\u00f3venes y Memoria\u201d.<\/p>\n<p>Una vez finalizados los discursos de las autoridades presentes, fue reproducido un video que trasmiti\u00f3 el saludo del gobernador Dr. Sergio U\u00f1ac y del secretario de Derechos Humanos de la Naci\u00f3n, Horacio Pietragalla. Para concluir, realizaron el corte de cinta, descubrimiento de placa recordatoria y un recorrido por el interior del edificio.<\/p>\n<p><span style=\"color: #339966;\"><strong>Importante adquisici\u00f3n<\/strong><\/span><\/p>\n<p>El Archivo General de la Provincia y la Subsecretar\u00eda de Derechos Humanos gestion\u00f3 en 2019 la repatriaci\u00f3n de los archivos sanjuaninos custodiados en el Archivo General de la Naci\u00f3n. Del mismo modo, el Archivo contar\u00e1 con material otorgado por la Divisi\u00f3n D2 de la Polic\u00eda de San Juan con fecha entre 1930 y 2016, con su parte m\u00e1s fuerte en la \u00e9poca de la \u00faltima dictadura; documentos que se integraran del Archivo Provincial, y registros f\u00edlmicos de los Juicios de Lesa Humanidad realizados en San Juan otorgados hace algunas semanas por la Universidad Nacional de San Juan.<\/p>\n<p>Cabe destacar que este Archivo tiene una triple finalidad: sirve como material de prueba para los Juicios de Lesa Humanidad, para demostrar detenciones arbitrarias, muertes y desaparici\u00f3n forzada; para investigaci\u00f3n y estudio, y tambi\u00e9n para mantener viva en las generaciones futuras la llama de la democracia.<\/p>\n<\/div>\n<p>&nbsp;<\/p>\n<p><img loading=\"lazy\" decoding=\"async\" class=\"alignnone wp-image-43048 size-large\" src=\"https:\/\/vocesparalelas.com.ar\/sitio\/wp-content\/uploads\/2021\/10\/ARCHIVO-MEMEORIA-02-800x471.jpg\" alt=\"\" width=\"800\" height=\"471\" srcset=\"https:\/\/vocesparalelas.com.ar\/sitio\/wp-content\/uploads\/2021\/10\/ARCHIVO-MEMEORIA-02-800x471.jpg 800w, https:\/\/vocesparalelas.com.ar\/sitio\/wp-content\/uploads\/2021\/10\/ARCHIVO-MEMEORIA-02-300x177.jpg 300w, https:\/\/vocesparalelas.com.ar\/sitio\/wp-content\/uploads\/2021\/10\/ARCHIVO-MEMEORIA-02-768x452.jpg 768w, https:\/\/vocesparalelas.com.ar\/sitio\/wp-content\/uploads\/2021\/10\/ARCHIVO-MEMEORIA-02.jpg 1023w\" sizes=\"auto, (max-width: 800px) 100vw, 800px\" \/><\/p>\n<p>&nbsp;<\/p>\n<p>&nbsp;<\/p>\n","protected":false},"excerpt":{"rendered":"<p>El titular del Poder Legislativo, CPN Roberto Gattoni, presidi\u00f3 un emotivo acto de inauguraci\u00f3n del Archivo Provincial de la Memoria,<\/p>\n","protected":false},"author":3,"featured_media":43069,"comment_status":"closed","ping_status":"closed","sticky":false,"template":"","format":"standard","meta":{"_acf_changed":false,"_seopress_robots_primary_cat":"none","_seopress_titles_title":"","_seopress_titles_desc":"","_seopress_robots_index":"","colormag_page_container_layout":"default_layout","colormag_page_sidebar_layout":"default_layout","footnotes":""},"categories":[1],"tags":[],"class_list":["post-42994","post","type-post","status-publish","format-standard","has-post-thumbnail","hentry","category-destacadas"],"acf":[],"_links":{"self":[{"href":"https:\/\/vocesparalelas.com.ar\/sitio\/wp-json\/wp\/v2\/posts\/42994","targetHints":{"allow":["GET"]}}],"collection":[{"href":"https:\/\/vocesparalelas.com.ar\/sitio\/wp-json\/wp\/v2\/posts"}],"about":[{"href":"https:\/\/vocesparalelas.com.ar\/sitio\/wp-json\/wp\/v2\/types\/post"}],"author":[{"embeddable":true,"href":"https:\/\/vocesparalelas.com.ar\/sitio\/wp-json\/wp\/v2\/users\/3"}],"replies":[{"embeddable":true,"href":"https:\/\/vocesparalelas.com.ar\/sitio\/wp-json\/wp\/v2\/comments?post=42994"}],"version-history":[{"count":3,"href":"https:\/\/vocesparalelas.com.ar\/sitio\/wp-json\/wp\/v2\/posts\/42994\/revisions"}],"predecessor-version":[{"id":43051,"href":"https:\/\/vocesparalelas.com.ar\/sitio\/wp-json\/wp\/v2\/posts\/42994\/revisions\/43051"}],"wp:featuredmedia":[{"embeddable":true,"href":"https:\/\/vocesparalelas.com.ar\/sitio\/wp-json\/wp\/v2\/media\/43069"}],"wp:attachment":[{"href":"https:\/\/vocesparalelas.com.ar\/sitio\/wp-json\/wp\/v2\/media?parent=42994"}],"wp:term":[{"taxonomy":"category","embeddable":true,"href":"https:\/\/vocesparalelas.com.ar\/sitio\/wp-json\/wp\/v2\/categories?post=42994"},{"taxonomy":"post_tag","embeddable":true,"href":"https:\/\/vocesparalelas.com.ar\/sitio\/wp-json\/wp\/v2\/tags?post=42994"}],"curies":[{"name":"wp","href":"https:\/\/api.w.org\/{rel}","templated":true}]}}