{"id":42961,"date":"2021-10-19T22:48:32","date_gmt":"2021-10-20T01:48:32","guid":{"rendered":"https:\/\/vocesparalelas.com.ar\/sitio\/?p=42961"},"modified":"2021-10-21T00:26:47","modified_gmt":"2021-10-21T03:26:47","slug":"se-extiende-la-entrega-de-turnos-presenciales-para-titularizacion","status":"publish","type":"post","link":"https:\/\/vocesparalelas.com.ar\/sitio\/se-extiende-la-entrega-de-turnos-presenciales-para-titularizacion\/","title":{"rendered":"Se extiende la entrega de turnos presenciales para titularizaci\u00f3n"},"content":{"rendered":"<p>Las direcciones de Educaci\u00f3n Secundaria Orientada, T\u00e9cnica y Adultos informan que extendieron el plazo de entrega de turnos presenciales para la titularizaci\u00f3n, desde el mi\u00e9rcoles, 20 hasta el 29 de octubre.<\/p>\n<p>Los interesados, bajo estricto protocolo sanitario preventivo, deben solicitarlo en la Direcci\u00f3n de \u00c1rea Orientada, T\u00e9cnica y Adultos de 7.30 a 10.30 horas.<\/p>\n<p>&nbsp;<\/p>\n<p>&nbsp;<\/p>\n","protected":false},"excerpt":{"rendered":"<p>Las direcciones de Educaci\u00f3n Secundaria Orientada, T\u00e9cnica y Adultos informan que extendieron el plazo de entrega de turnos presenciales para<\/p>\n","protected":false},"author":3,"featured_media":28629,"comment_status":"closed","ping_status":"closed","sticky":false,"template":"","format":"standard","meta":{"_acf_changed":false,"_seopress_robots_primary_cat":"none","_seopress_titles_title":"","_seopress_titles_desc":"","_seopress_robots_index":"","colormag_page_container_layout":"default_layout","colormag_page_sidebar_layout":"default_layout","footnotes":""},"categories":[5],"tags":[],"class_list":["post-42961","post","type-post","status-publish","format-standard","has-post-thumbnail","hentry","category-ofrecimientos"],"acf":[],"_links":{"self":[{"href":"https:\/\/vocesparalelas.com.ar\/sitio\/wp-json\/wp\/v2\/posts\/42961","targetHints":{"allow":["GET"]}}],"collection":[{"href":"https:\/\/vocesparalelas.com.ar\/sitio\/wp-json\/wp\/v2\/posts"}],"about":[{"href":"https:\/\/vocesparalelas.com.ar\/sitio\/wp-json\/wp\/v2\/types\/post"}],"author":[{"embeddable":true,"href":"https:\/\/vocesparalelas.com.ar\/sitio\/wp-json\/wp\/v2\/users\/3"}],"replies":[{"embeddable":true,"href":"https:\/\/vocesparalelas.com.ar\/sitio\/wp-json\/wp\/v2\/comments?post=42961"}],"version-history":[{"count":1,"href":"https:\/\/vocesparalelas.com.ar\/sitio\/wp-json\/wp\/v2\/posts\/42961\/revisions"}],"predecessor-version":[{"id":42963,"href":"https:\/\/vocesparalelas.com.ar\/sitio\/wp-json\/wp\/v2\/posts\/42961\/revisions\/42963"}],"wp:featuredmedia":[{"embeddable":true,"href":"https:\/\/vocesparalelas.com.ar\/sitio\/wp-json\/wp\/v2\/media\/28629"}],"wp:attachment":[{"href":"https:\/\/vocesparalelas.com.ar\/sitio\/wp-json\/wp\/v2\/media?parent=42961"}],"wp:term":[{"taxonomy":"category","embeddable":true,"href":"https:\/\/vocesparalelas.com.ar\/sitio\/wp-json\/wp\/v2\/categories?post=42961"},{"taxonomy":"post_tag","embeddable":true,"href":"https:\/\/vocesparalelas.com.ar\/sitio\/wp-json\/wp\/v2\/tags?post=42961"}],"curies":[{"name":"wp","href":"https:\/\/api.w.org\/{rel}","templated":true}]}}