{"id":42952,"date":"2021-10-21T18:32:18","date_gmt":"2021-10-21T21:32:18","guid":{"rendered":"https:\/\/vocesparalelas.com.ar\/sitio\/?p=42952"},"modified":"2021-10-24T23:39:35","modified_gmt":"2021-10-25T02:39:35","slug":"entregan-los-premios-del-concurso-san-juan-escribe-de-la-camara-de-diputados","status":"publish","type":"post","link":"https:\/\/vocesparalelas.com.ar\/sitio\/entregan-los-premios-del-concurso-san-juan-escribe-de-la-camara-de-diputados\/","title":{"rendered":"Entregan los premios del Concurso San Juan Escribe de la C\u00e1mara de Diputados"},"content":{"rendered":"<div class=\"itemFullText jbintrotext\">\n<p>En el marco de la XIII Feria de la Cultura Popular y el Libro, la C\u00e1mara de Diputados de San Juan, el Jueves, 21 de Octubre, a las 20 horas, el acto de premiaci\u00f3n del Concurso San Juan Escribe, Premio \u201cJorge Leonidas Escudero\u201d. La cita es en el Complejo Cultural la Superiora de Rawson, ubicado en calle Doctor Ortega y Conector Sur, Villa Krause, departamento Rawson.<\/p>\n<\/div>\n<div class=\"itemFullText\">\n<p>En la oportunidad otorgar\u00e1n un total veinticuatro premios, correspondientes a los primeros, segundos y terceros puestos de cada una de las ocho categor\u00edas del certamen.<\/p>\n<p>Es importante destacar un rasgo distintivo de esta convocatoria, ya que, en el presente a\u00f1o, por primera vez, la C\u00e1mara de Diputados invit\u00f3 a los diecinueve municipios a participar en la expansi\u00f3n territorial del concurso literario, colocando urnas en cada departamento y facilitando el acceso de escritoras y escritores de todo San Juan. As\u00ed, un total de m\u00e1s de doscientas obras compitieron en igualdad de condiciones, en este certamen que para esta edici\u00f3n distribuir\u00e1 m\u00e1s de 600.000 pesos en premios.<\/p>\n<p>Cabe se\u00f1alar que, el Jurado de esta edici\u00f3n estuvo integrado por personalidades destacadas de seis universidades y provincias argentinas, y ser\u00e1 presentado al p\u00fablico durante la ceremonia de premiaci\u00f3n.<\/p>\n<p><img loading=\"lazy\" decoding=\"async\" class=\"alignnone wp-image-42954 size-full\" src=\"https:\/\/vocesparalelas.com.ar\/sitio\/wp-content\/uploads\/2021\/10\/CAMARA-PREMIOS.jpg\" alt=\"\" width=\"740\" height=\"493\" srcset=\"https:\/\/vocesparalelas.com.ar\/sitio\/wp-content\/uploads\/2021\/10\/CAMARA-PREMIOS.jpg 740w, https:\/\/vocesparalelas.com.ar\/sitio\/wp-content\/uploads\/2021\/10\/CAMARA-PREMIOS-300x200.jpg 300w\" sizes=\"auto, (max-width: 740px) 100vw, 740px\" \/><\/p>\n<p><span style=\"color: #800080;\"><strong>\u00a0V\u00eddeo resumen del certamen<\/strong><\/span><\/p>\n<p>En el video se visualiza im\u00e1genes de los libros de ediciones anteriores del concurso literario y fotograf\u00edas de las diferentes presentaciones del certamen realizadas en los diecinueve departamentos de la provincia durante el presente a\u00f1o.<\/p>\n<\/div>\n<p><iframe loading=\"lazy\" title=\"Video resumen concurso San Juan Escribe\" width=\"800\" height=\"450\" src=\"https:\/\/www.youtube.com\/embed\/zXCro1Xz--o?feature=oembed\" frameborder=\"0\" allow=\"accelerometer; autoplay; clipboard-write; encrypted-media; gyroscope; picture-in-picture\" allowfullscreen><\/iframe><\/p>\n<p>&nbsp;<\/p>\n<p>Cabe se\u00f1alar que el evento es transmitido en vivo en la portada de este sitio web <a href=\"http:\/\/www.diputadossanjuan.gob.ar\/\">www.diputadossanjuan.gob.ar<\/a>\u00a0\u00a0a trav\u00e9s de un bot\u00f3n dispuesto al efecto que se\u00f1ala San Juan Escribe en vivo.<\/p>\n<p>A trav\u00e9s de las plataformas de Youtube \u00a0y \u00a0de la red social Facebook.<\/p>\n<p>Link para acceder a la transmisi\u00f3n en vivo por Facebook\u00a0<a href=\"https:\/\/www.facebook.com\/events\/218824920204305?ref=newsfeed\">https:\/\/www.facebook.com\/events\/218824920204305?ref=newsfeed<\/a><\/p>\n<p>Link para acceder a la transmisi\u00f3n en vivo por Youtube\u00a0<a href=\"https:\/\/www.youtube.com\/channel\/UCdaBPf51idsbBbJ4yPmlucQ\">https:\/\/www.youtube.com\/channel\/UCdaBPf51idsbBbJ4yPmlucQ<\/a><\/p>\n<p>&nbsp;<\/p>\n<p>&nbsp;<\/p>\n<p><img loading=\"lazy\" decoding=\"async\" class=\"alignnone wp-image-16350 size-large\" src=\"https:\/\/vocesparalelas.com.ar\/sitio\/wp-content\/uploads\/2018\/10\/CAMARA-EVACUCION-05-800x534.jpg\" alt=\"\" width=\"800\" height=\"534\" srcset=\"https:\/\/vocesparalelas.com.ar\/sitio\/wp-content\/uploads\/2018\/10\/CAMARA-EVACUCION-05-800x534.jpg 800w, https:\/\/vocesparalelas.com.ar\/sitio\/wp-content\/uploads\/2018\/10\/CAMARA-EVACUCION-05-300x200.jpg 300w, https:\/\/vocesparalelas.com.ar\/sitio\/wp-content\/uploads\/2018\/10\/CAMARA-EVACUCION-05-768x512.jpg 768w, https:\/\/vocesparalelas.com.ar\/sitio\/wp-content\/uploads\/2018\/10\/CAMARA-EVACUCION-05.jpg 1000w\" sizes=\"auto, (max-width: 800px) 100vw, 800px\" \/><\/p>\n","protected":false},"excerpt":{"rendered":"<p>En el marco de la XIII Feria de la Cultura Popular y el Libro, la C\u00e1mara de Diputados de San<\/p>\n","protected":false},"author":3,"featured_media":41221,"comment_status":"closed","ping_status":"closed","sticky":false,"template":"","format":"video","meta":{"_acf_changed":false,"_seopress_robots_primary_cat":"none","_seopress_titles_title":"","_seopress_titles_desc":"","_seopress_robots_index":"","colormag_page_container_layout":"default_layout","colormag_page_sidebar_layout":"default_layout","footnotes":""},"categories":[1,7],"tags":[],"class_list":["post-42952","post","type-post","status-publish","format-video","has-post-thumbnail","hentry","category-destacadas","category-videos","post_format-post-format-video"],"acf":[],"_links":{"self":[{"href":"https:\/\/vocesparalelas.com.ar\/sitio\/wp-json\/wp\/v2\/posts\/42952","targetHints":{"allow":["GET"]}}],"collection":[{"href":"https:\/\/vocesparalelas.com.ar\/sitio\/wp-json\/wp\/v2\/posts"}],"about":[{"href":"https:\/\/vocesparalelas.com.ar\/sitio\/wp-json\/wp\/v2\/types\/post"}],"author":[{"embeddable":true,"href":"https:\/\/vocesparalelas.com.ar\/sitio\/wp-json\/wp\/v2\/users\/3"}],"replies":[{"embeddable":true,"href":"https:\/\/vocesparalelas.com.ar\/sitio\/wp-json\/wp\/v2\/comments?post=42952"}],"version-history":[{"count":4,"href":"https:\/\/vocesparalelas.com.ar\/sitio\/wp-json\/wp\/v2\/posts\/42952\/revisions"}],"predecessor-version":[{"id":43084,"href":"https:\/\/vocesparalelas.com.ar\/sitio\/wp-json\/wp\/v2\/posts\/42952\/revisions\/43084"}],"wp:featuredmedia":[{"embeddable":true,"href":"https:\/\/vocesparalelas.com.ar\/sitio\/wp-json\/wp\/v2\/media\/41221"}],"wp:attachment":[{"href":"https:\/\/vocesparalelas.com.ar\/sitio\/wp-json\/wp\/v2\/media?parent=42952"}],"wp:term":[{"taxonomy":"category","embeddable":true,"href":"https:\/\/vocesparalelas.com.ar\/sitio\/wp-json\/wp\/v2\/categories?post=42952"},{"taxonomy":"post_tag","embeddable":true,"href":"https:\/\/vocesparalelas.com.ar\/sitio\/wp-json\/wp\/v2\/tags?post=42952"}],"curies":[{"name":"wp","href":"https:\/\/api.w.org\/{rel}","templated":true}]}}