{"id":42899,"date":"2021-10-17T22:54:46","date_gmt":"2021-10-18T01:54:46","guid":{"rendered":"https:\/\/vocesparalelas.com.ar\/sitio\/?p=42899"},"modified":"2021-10-19T00:42:06","modified_gmt":"2021-10-19T03:42:06","slug":"35-fiesta-nacional-el-teatro-en-santa-rosa-la-pampa","status":"publish","type":"post","link":"https:\/\/vocesparalelas.com.ar\/sitio\/35-fiesta-nacional-el-teatro-en-santa-rosa-la-pampa\/","title":{"rendered":"35\u00b0 Fiesta Nacional el Teatro en Santa Rosa &#8211; La Pampa"},"content":{"rendered":"<p>Del 23 al 30 de octubre se realizar\u00e1 en la ciudad de Santa Rosa, La Pampa, la 35 Fiesta Nacional del Teatro, el mayor encuentro esc\u00e9nico del pa\u00eds organizado por el Instituto Nacional del Teatro en coproducci\u00f3n con organismos provinciales y municipales.<\/p>\n<p>Organizada por el Ministerio de Cultura de la Naci\u00f3n, el Instituto Nacional del Teatro, el Gobierno de la Provincia de La Pampa, la Municipalidad de Santa Rosa y la Asociaci\u00f3n Trabajadores del Teatro Pampeano, regresa el m\u00e1ximo encuentro esc\u00e9nico argentino: la Fiesta Nacional del Teatro.<\/p>\n<p>Un encuentro de ocho d\u00edas en el que confluye el teatro de todas las regiones. Espect\u00e1culos de cada una de las provincias estar\u00e1n presentes en la capital pampeana para seguir apuntalando la reactivaci\u00f3n de una actividad y un sector que fue profundamente afectado por la pandemia.<\/p>\n<p>En el regreso de la Fiesta, el encuentro ser\u00e1 con el p\u00fablico de la ciudad de Santa Rosa y de la provincia de La Pampa. Pero tambi\u00e9n se realizar\u00e1n, por primera vez, funciones previas a la fiesta en las que cada espect\u00e1culo participante se presentar\u00e1 frente a los espectadores de su ciudad de pertenencia \u00a0antes de emprender viaje al escenario pampeano. De esta manera, la Fiesta Nacional contar\u00e1 con m\u00e1s de 130 funciones en propuestas que comenzar\u00e1n con presentaciones en el lugar de origen de las grupalidades para terminar, durante la semana del evento, extendi\u00e9ndose a localidades de la regi\u00f3n, escuelas, centros comunitarios, espacios al aire libre y otras instituciones como la c\u00e1rcel de mujeres.<\/p>\n<p>Ser\u00e1n protagonistas de la programaci\u00f3n 32 espect\u00e1culos de todas las provincias y la ciudad de Buenos Aires, ganadores de las Fiestas Provinciales que el INT organiza en cada una de ellas. Adem\u00e1s, completar\u00e1n la grilla m\u00e1s de 10 espect\u00e1culos invitados provenientes de distintas regiones del pa\u00eds.<\/p>\n<p>Toda la informaci\u00f3n (espect\u00e1culos, programaci\u00f3n, sedes, actividades especiales, entradas) estar\u00e1 disponible en el sitio web de la Fiesta Nacional, que se encontrar\u00e1 en funcionamiento desde los d\u00edas previos al encuentro.<\/p>\n<p><span style=\"color: #99cc00;\"><strong>Una Fiesta en la diversidad<\/strong><\/span><\/p>\n<p>La programaci\u00f3n de la Fiesta expresa una diversidad que convoca numerosas disciplinas y expresiones. Se desarrollar\u00e1n espacios de reflexi\u00f3n a trav\u00e9s de foros, charlas, presentaciones de libros en el stand de la Editorial INTeatro y mesas de debate. Producciones de diversos g\u00e9neros y est\u00e9ticas. Pluralidad de representaciones, interpretaciones y miradas que ponen en juego regionalismos y formas de producci\u00f3n locales en una nueva edici\u00f3n de la Fiesta Nacional. Formar\u00e1n parte de la grilla experiencias de teatro para adultos, familias, t\u00edteres, danza teatro, performances, cabaret y variet\u00e9. En lo que respecta a las obras dram\u00e1ticas, en particular, el acento est\u00e1 puesto en poner en valor dramaturgias regionales lo que permite reconocer la labor de autores de provincias que en los \u00faltimos a\u00f1os lograron desarrollarse en un campo que no era com\u00fan observar en proyectos anteriores.<\/p>\n<p>Uno de los espacios centrales del encuentro ser\u00e1 el de actividades especiales, al aire libre y ubicado en el predio del ferrocarril, acondicionado con una carpa de circo que contar\u00e1 con programaci\u00f3n para todo p\u00fablico y variet\u00e9s que integrar\u00e1n artistas locales y grupos<\/p>\n<p>asistentes de diferentes regiones. Adem\u00e1s, una carpa para la retransmisi\u00f3n en streaming de las funciones de teatro que se presenten en la sala principal, de modo de dar cumplimiento con los protocolos vigentes dentro de cada espacio y que, en simult\u00e1neo, la mayor cantidad de personas puedan acceder al fen\u00f3meno art\u00edstico. Tambi\u00e9n se podr\u00e1n escuchar los radioteatros que formaron parte del proyecto del INT, Escenas en sINTon\u00eda. En esos \u00e1mbitos habr\u00e1 un paseo de artesanos y se presentar\u00e1n, diariamente, espect\u00e1culos musicales. La Fiesta no solo se abre a los espectadores teatrales sino a toda una comunidad deseosa de compartir propuestas art\u00edsticas.<\/p>\n<p>La emisora de Radio Nacional Santa Rosa dispondr\u00e1 en el predio de un Container desde donde transmitir\u00e1 en vivo diariamente, en red con 10 emisoras de la radio p\u00fablica de R\u00edo Negro, Neuqu\u00e9n y Buenos Aires con un programa especial de la Fiesta. El predio se completa con un escenario que contar\u00e1 con programaci\u00f3n musical y teatral y un espacio para las presentaciones de t\u00edteres llamado \u201cEl Carrumante\u201d.<\/p>\n<p><span style=\"color: #99cc00;\"><strong>Algo de Historia<\/strong><\/span><\/p>\n<p>La Fiesta Nacional del Teatro comenz\u00f3 a realizarse en 1985 en el Teatro Nacional Cervantes por iniciativa de la Direcci\u00f3n Nacional de Teatro, dependiente de la Secretar\u00eda de Cultura de la Naci\u00f3n que estaba bajo la \u00f3rbita del Ministerio de Educaci\u00f3n y Cultura de la Naci\u00f3n.\u00a0 El funcionario a cargo era el actor y director Osvaldo Bonet. La Fiesta se llev\u00f3 a cabo en ese \u00e1mbito hasta 1990. En 1991 fue la provincia de Santa Fe quien se hizo cargo de su organizaci\u00f3n y, desde entonces, se concreta cada a\u00f1o en una provincia distinta del pa\u00eds.<\/p>\n<p>En 1995 la Fiesta se realiz\u00f3 en la ciudad de Santa Rosa, La Pampa. Un lugar muy emblem\u00e1tico. En ese momento la Direcci\u00f3n Nacional de Teatro estaba a cargo del actor y director Oscar \u201cLito\u201d Cruz. El funcionario tuvo en esos d\u00edas un encuentro con todos los teatristas del pa\u00eds, presentes en la Fiesta, y decidi\u00f3 armar un entramado de delegados provinciales. Gente que recogiera las problem\u00e1ticas de sus lugares de trabajo y las elevara a la Direcci\u00f3n a su cargo. As\u00ed fue arm\u00e1ndose un panorama de las necesidades de un teatro argentino vital que, finalmente, ayud\u00f3 a fortalecer la necesidad de promulgar la Ley Nacional de Teatro 24.800 que posibilit\u00f3 la creaci\u00f3n del Instituto Nacional del Teatro.<\/p>\n<p><span style=\"color: #99cc00;\"><strong>2021: el reencuentro<\/strong><\/span><\/p>\n<p>El 23 de octubre ser\u00e1 la apertura, un momento especial que marcar\u00e1 el reencuentro, el nuevo inicio, la celebraci\u00f3n, a partir del recuerdo y la memoria de quienes nos dejaron. En el \u201cAnd\u00e9n de los que partieron\u201d estar\u00e1n aquellos referentes que la comunidad teatral del pa\u00eds quiere homenajear.<\/p>\n<p>En este tiempo de pandemia, el teatro fue una de las primeras actividades en cerrar sus puertas y una de las \u00faltimas en regresar. Desde la mirada federal del Instituto Nacional del Teatro se trabaj\u00f3 para sostener la actividad en todo el territorio, y contin\u00faa en el presente para hacerla florecer en estos tiempos de mejores perspectivas. Por eso esta Fiesta en particular conlleva la posibilidad del reencuentro entre quienes hacen y sostienen al teatro argentino, pero sobre todo el reencuentro con los p\u00fablicos.<\/p>\n<p>Ser\u00e1 la Fiesta de un momento hist\u00f3rico sin precedentes. La presencialidad ha tomado un valor que antes de esta pandemia quiz\u00e1s no ten\u00eda y, siendo el teatro el portador de ese enorme hecho que es el convivio, hoy m\u00e1s que nunca desde los Estados involucrados en la gesta de este evento, se pone en valor el derecho que tiene nuestro pueblo a ver y a ser parte de este hermoso teatro argentino.<\/p>\n<p><strong><span style=\"color: #99cc00;\">San Juan participa con la obra \u00abBardo Cabaret\u00bb<\/span><\/strong><\/p>\n<p><span style=\"color: #99cc00;\"><strong>Ficha T\u00e9cnica<\/strong><\/span><\/p>\n<ul>\n<li><strong><span style=\"color: #99cc00;\">Autor\u00eda:<\/span><\/strong> Vale Bitch, Nacho Caro Vera, Erica Fernandez Simonazzi, Ivana Herrera, Agust\u00edn Hierrezuelo, Lechu Liquitay, Sim\u00f3n Molina, Franco Palacios, Mayra Peinado, Juli\u00e1n Riveros, Ariel Sampaolesi, Nora Vargas, Edgar Visens, Daniel Zalazar<\/li>\n<li><strong><span style=\"color: #99cc00;\">Act\u00faan:<\/span><\/strong> Vale Bitch, Nacho Caro Vera, Erica Fernandez Simonazzi, Ivana Herrera, Agust\u00edn Hierrezuelo, Lechu Liquitay, Sim\u00f3n Molina, Franco Palacios, Mayra Peinado, Juli\u00e1n Riveros, Nora Vargas<\/li>\n<li><span style=\"color: #99cc00;\"><strong>Iluminaci\u00f3n:<\/strong><\/span> Ariel Sampaolesi, Daniel Zalazar<\/li>\n<li><strong><span style=\"color: #99cc00;\">Asistencia de direcci\u00f3n:<\/span><\/strong> Daniel Zalazar<\/li>\n<li><span style=\"color: #99cc00;\"><strong>Direcci\u00f3n:<\/strong><\/span> Ariel Sampaolesi<\/li>\n<\/ul>\n<p><span style=\"color: #99cc00;\"><strong>Argumento<\/strong><\/span><\/p>\n<p>Franco, el humano, desciende a un inframundo. El objetivo de su viaje es buscar a Esther (mujer, hombre, o que), su enamoradx, quien ha muerto tr\u00e1gicamente. En el Bardo Cabaret, Esther cumple la condena de amar de modo enfermizo y pasa sus d\u00edas junto a un grupo de entidades condenadas a cumplir las debilidades de la vida terrenal. La llegada de Franco a ese c\u00edrculo Dantesco, genera una vor\u00e1gine de situaciones que demoran el retorno.<\/p>\n<p>Otra cosa: dicen que viajando se fortalece el coraz\u00f3n.<\/p>\n<p>&nbsp;<\/p>\n<p>&nbsp;<\/p>\n","protected":false},"excerpt":{"rendered":"<p>Del 23 al 30 de octubre se realizar\u00e1 en la ciudad de Santa Rosa, La Pampa, la 35 Fiesta Nacional<\/p>\n","protected":false},"author":3,"featured_media":42909,"comment_status":"closed","ping_status":"closed","sticky":false,"template":"","format":"standard","meta":{"_acf_changed":false,"_seopress_robots_primary_cat":"none","_seopress_titles_title":"","_seopress_titles_desc":"","_seopress_robots_index":"","colormag_page_container_layout":"default_layout","colormag_page_sidebar_layout":"default_layout","footnotes":""},"categories":[20],"tags":[],"class_list":["post-42899","post","type-post","status-publish","format-standard","has-post-thumbnail","hentry","category-cartelera"],"acf":[],"_links":{"self":[{"href":"https:\/\/vocesparalelas.com.ar\/sitio\/wp-json\/wp\/v2\/posts\/42899","targetHints":{"allow":["GET"]}}],"collection":[{"href":"https:\/\/vocesparalelas.com.ar\/sitio\/wp-json\/wp\/v2\/posts"}],"about":[{"href":"https:\/\/vocesparalelas.com.ar\/sitio\/wp-json\/wp\/v2\/types\/post"}],"author":[{"embeddable":true,"href":"https:\/\/vocesparalelas.com.ar\/sitio\/wp-json\/wp\/v2\/users\/3"}],"replies":[{"embeddable":true,"href":"https:\/\/vocesparalelas.com.ar\/sitio\/wp-json\/wp\/v2\/comments?post=42899"}],"version-history":[{"count":1,"href":"https:\/\/vocesparalelas.com.ar\/sitio\/wp-json\/wp\/v2\/posts\/42899\/revisions"}],"predecessor-version":[{"id":42902,"href":"https:\/\/vocesparalelas.com.ar\/sitio\/wp-json\/wp\/v2\/posts\/42899\/revisions\/42902"}],"wp:featuredmedia":[{"embeddable":true,"href":"https:\/\/vocesparalelas.com.ar\/sitio\/wp-json\/wp\/v2\/media\/42909"}],"wp:attachment":[{"href":"https:\/\/vocesparalelas.com.ar\/sitio\/wp-json\/wp\/v2\/media?parent=42899"}],"wp:term":[{"taxonomy":"category","embeddable":true,"href":"https:\/\/vocesparalelas.com.ar\/sitio\/wp-json\/wp\/v2\/categories?post=42899"},{"taxonomy":"post_tag","embeddable":true,"href":"https:\/\/vocesparalelas.com.ar\/sitio\/wp-json\/wp\/v2\/tags?post=42899"}],"curies":[{"name":"wp","href":"https:\/\/api.w.org\/{rel}","templated":true}]}}