{"id":42886,"date":"2021-10-17T21:02:48","date_gmt":"2021-10-18T00:02:48","guid":{"rendered":"https:\/\/vocesparalelas.com.ar\/sitio\/?p=42886"},"modified":"2021-10-17T21:02:48","modified_gmt":"2021-10-18T00:02:48","slug":"reabrio-sus-puertas-el-santuario-arquidiocesano-de-san-jose-de-jachal","status":"publish","type":"post","link":"https:\/\/vocesparalelas.com.ar\/sitio\/reabrio-sus-puertas-el-santuario-arquidiocesano-de-san-jose-de-jachal\/","title":{"rendered":"Reabri\u00f3 sus puertas el Santuario Arquidiocesano de San Jos\u00e9 de J\u00e1chal"},"content":{"rendered":"<p>En un d\u00eda muy esperado por la comunidad del Departamento J\u00e1chal, el S\u00e1bado, 16 de Octubre, la inauguraci\u00f3n de la obra de intervenci\u00f3n del Santuario Arquidiocesano de San Jos\u00e9 de J\u00e1chal, ubicado frente a la Plaza Fundacional.<\/p>\n<p>El m\u00edtico templo jachallero, de m\u00e1s de 140 a\u00f1os, fue construido entre 1875 y 1878 y fue en 1978 cuando se declar\u00f3 Monumento Hist\u00f3rico Nacional. Pero el paso del tiempo, las condiciones clim\u00e1ticas de la provincia y la construcci\u00f3n de adobe, fueron una combinaci\u00f3n que dar\u00eda por resultado el colapso de la iglesia.<\/p>\n<p>Luego de ello, se cerraron sus puertas por una d\u00e9cada, en resguardo de fieles y turistas que acud\u00edan a disfrutar del lugar religioso. El proyecto de restauraci\u00f3n busc\u00f3 mantener la imagen exterior urbana de la obra, en todos aquellos elementos que hacen a su esencia y reforzarla al ampliar el atrio existente y reemplazar las obras de apoyatura contiguas al templo.<\/p>\n<p>El acto de inauguraci\u00f3n estuvo presidido por el gobernador Dr. Sergio U\u00f1ac, acompa\u00f1ado por monse\u00f1or Jorge Lozano; los ministros de Gobierno, Dra. Fabiola Aubone; de Hacienda y Finanzas CPN Marisa L\u00f3pez; de Obras y Servicios P\u00fablicos, Ing. Julio Ort\u00ecz Andino; de Turismo y Cultura, Lic. Claudia Grynszpan; de Salud P\u00fablica, Dra. Alejandra Venerando; el intendente de la Municipalidad de J\u00e1chal, CPN Miguel Vega y vecinos de la zona.<\/p>\n<p>El acto comenz\u00f3 con la entonaci\u00f3n del Himno Nacional Argentino. Luego, el gobernador U\u00f1ac y el intendente Vega recibieron de manos de la empresa constructora Ingeniero Julio Nacusi Construcciones SRL, las llaves de la obra de la iglesia.<\/p>\n<p><img loading=\"lazy\" decoding=\"async\" class=\"alignnone wp-image-42891 size-large\" src=\"https:\/\/vocesparalelas.com.ar\/sitio\/wp-content\/uploads\/2021\/10\/JACHAL-SANTUARIO-03-800x556.jpg\" alt=\"\" width=\"800\" height=\"556\" srcset=\"https:\/\/vocesparalelas.com.ar\/sitio\/wp-content\/uploads\/2021\/10\/JACHAL-SANTUARIO-03-800x556.jpg 800w, https:\/\/vocesparalelas.com.ar\/sitio\/wp-content\/uploads\/2021\/10\/JACHAL-SANTUARIO-03-300x209.jpg 300w, https:\/\/vocesparalelas.com.ar\/sitio\/wp-content\/uploads\/2021\/10\/JACHAL-SANTUARIO-03-768x534.jpg 768w, https:\/\/vocesparalelas.com.ar\/sitio\/wp-content\/uploads\/2021\/10\/JACHAL-SANTUARIO-03-392x272.jpg 392w, https:\/\/vocesparalelas.com.ar\/sitio\/wp-content\/uploads\/2021\/10\/JACHAL-SANTUARIO-03-130x90.jpg 130w, https:\/\/vocesparalelas.com.ar\/sitio\/wp-content\/uploads\/2021\/10\/JACHAL-SANTUARIO-03.jpg 1024w\" sizes=\"auto, (max-width: 800px) 100vw, 800px\" \/><\/p>\n<p>A continuaci\u00f3n, agentes de la Salud P\u00fablica del departamento, ingresaron la imagen de San Jos\u00e9 de J\u00e1chal nuevamente al templo.<\/p>\n<p>Al comienzo del acto se escuch\u00f3 la palabra del Gobernador, Dr. Sergio U\u00f1ac, quien agradeci\u00f3 la presencia de la familia jachallera, del intendente Vega, por la calidez con la que siempre fue recibido e hizo hincapi\u00e9 en que su intenci\u00f3n siempre fue \u201ccumplir la palabra empe\u00f1ada en que este templo deb\u00eda ser nuevamente una realidad para un pueblo que lo abraz\u00f3 m\u00e1s all\u00e1 de las creencias porque est\u00e1 en el coraz\u00f3n de cada uno de los jachalleros.\u00a0Gracias a los diputados departamentales y a los concejales, a monse\u00f1or Lozano agradezco su presencia y sus palabras, al padre Orlando y a cada uno de los sacerdotes que nos acompa\u00f1an. Esta es la Casa del Se\u00f1or, y desde los gobiernos provincial y municipal, restauramos algo tan significativo como esta iglesia, que adem\u00e1s es nuestra iglesia, el lugar donde venimos a pedir y a agradecer, a sonre\u00edrnos y a llorar alguna pena, y estamos orgullosos de ella. Por lo que veo, los jachalleros est\u00e1n tambi\u00e9n muy agradecidos de su conducci\u00f3n\u201d.<\/p>\n<p>Continuando, el gobernador dijo que \u201ces de bien nacido ser agradecidos\u201d y agradeci\u00f3 a los funcionarios presentes, entre ellos a los ministros. Puso en valor al pueblo \u201cque hace un culto de la tradici\u00f3n y la cultura. Esta noche vine a decirles a ustedes, al intendente y a cada uno de los integrantes de la comunidad de J\u00e1chal, muchas gracias por habernos permitido ser parte de una obra p\u00fablica, pero que en realidad es mucho m\u00e1s que eso. Porque intervinieron arquitectos, la Comisi\u00f3n Nacional de Monumentos Hist\u00f3ricos, porque es una obra de arte religiosa, que excede la obra p\u00fablica de manera fr\u00eda\u201d.<\/p>\n<p>El primer mandatario dijo adem\u00e1s que \u201ctras seis a\u00f1os de ejercicio con el que me honraron los sanjuaninos, cuando miro retrospectivamente, veo que construimos reiterativamente y gracias a Dios y a todos los sanjuaninos y tambi\u00e9n a los que piensan que en esta provincia hay mucho presente pero tambi\u00e9n mucho futuro. Cuando miro que hemos construido obras cloacales, de pavimentaci\u00f3n, de agua potable, viales, de iluminaci\u00f3n, pavimentaci\u00f3n, construcci\u00f3n de rutas, obras vinculadas a la infraestructura en Salud, como la construcci\u00f3n del hospital pr\u00f3ximo a concluir, adem\u00e1s de trabajos vinculados a lo deportivo, quiero ser muy agradecido con cada uno de ustedes, porque es la primera vez, en el devenir del tiempo como en la vida misma. Estoy seguro de poder seguir haciendo las obras mencionadas, sumamente necesarias porque generan igualdad de oportunidades y nos permite pensar en que las mismas condiciones que se dan en los centros urbanos, se dan en los departamentos alejados y los rurales, como este departamento y el m\u00edo de origen\u201d.<\/p>\n<p>Finalmente, el gobernador manifest\u00f3 que \u201cen el tiempo que me quede al frente de la gobernaci\u00f3n, esta ser\u00e1 la \u00fanica obra de su tipo en que los jachalleros me permitieron que sea uno de los que aportaron su granito de arena para reconstruir una obra hist\u00f3rica desde lo religioso y lo social, desde lo humano, lo tur\u00edstico\u00bb.<\/p>\n<p>A su vez, monse\u00f1or Lozano puso en alza el compromiso con lo acontecido agradeciendo al gobernador y a todo su gabinete por \u00abhacer posible esta obra. Gracias por haber recibido el pedido de la gente de J\u00e1chal y de la provincia para volver a tener este templo en San Juan\u00bb.<\/p>\n<p>A continuaci\u00f3n, el intendente Vega agreg\u00f3 que \u00abun 16 de octubre del a\u00f1o 2018 comenz\u00f3 a construirse nuestro templo y a construirse la obra complementaria. Hoy se cumplen exactamente 3 a\u00f1os de aquel d\u00eda en que la ilusi\u00f3n de tener nuevamente nuestro templo. Las puertas de nuestro santuario se abren despu\u00e9s de 10 a\u00f1os de permanecer cerradas\u201d.<\/p>\n<p>Agreg\u00f3: \u201cGracias gobernador por permitirnos volver a nuestra casa que es un hito de nuestra religi\u00f3n pero tambi\u00e9n de nuestra cultura. Es un hito a la historia\u00bb.<\/p>\n<p>Por su parte, Demartini expres\u00f3 que este es un hecho muy importante para San Juan y para J\u00e1chal. \u201cEn el 2018, el Ministerio de Obras y Servicios P\u00fablicos llam\u00f3 a licitaci\u00f3n para realizar la obra que comenz\u00f3 ese mismo a\u00f1o; es una obra de caracter\u00edsticas in\u00e9ditas, y se cont\u00f3 con la colaboraci\u00f3n de la Comisi\u00f3n Nacional de Monumentos y Bienes Hist\u00f3ricos de la Direcci\u00f3n de Patrimonio de San Juan\u201d, dijo.<\/p>\n<p>Demartini agradeci\u00f3 la labor de la empresa Ingeniero Julio Nacusi Construcciones SRL, al inspector de la Direcci\u00f3n de Arquitectura, Mauricio Garnieri, a los artesanos jachalleros que colaboraron en la restauraci\u00f3n, al municipio y a la comunidad jachalleros.<\/p>\n<p>Para concluir, una vecina del departamento, Luc\u00eda Balmaceda, agradeci\u00f3 el apoyo del Gobierno de San Juan por la conclusi\u00f3n del templo.<\/p>\n<p>La celebraci\u00f3n tuvo su broche de oro con la interpretaci\u00f3n de danzas tradicionales por parte del Ballet de J\u00e1chal y la proyecci\u00f3n de un espect\u00e1culo de fuegos artificiales para todos los presentes.<\/p>\n<p>Adem\u00e1s, asistieron al encuentro la presidenta del Concejo Deliberante de J\u00e1chal, Cintia Aballay y concejales; los secretarios de Cultura Virginia Agote, de Medicina Preventiva Mat\u00edas, Espejo; director de Patrimonio Cultural Jorge Mart\u00edn; directora de Culto y ONG Liliana Olgu\u00edn y autoridades militares. En representaci\u00f3n de Monumentos y Lugares Hist\u00f3ricos, Patricia Ort\u00edz; secretario de Obras P\u00fablicas, Alberto Demartini; del Santuario Arquidiocesano San Jos\u00e9 de J\u00e1chal, Virginia Monfort; ingeniera Mary Sald\u00ecvar; arquitecto Ricardo Erce; jefe del Escuadr\u00f3n 25 de Gendarmer\u00eda Nacional de J\u00e1chal, Ren\u00e9 Kujarchik; jefe de la Comisar\u00eda 21 de Polic\u00eda de San Juan; comisario Mayor Silvio Carrizo de la Agencia Regional Cuyo de Polic\u00eda Federal Argentina; Gabriel Achenbach, jefe de la Delegaci\u00f3n San Juan de PFA; reina del Adulto Mayor, sacerdotes y vecinos de la zona.<\/p>\n<p><span style=\"color: #33cccc;\"><strong>Datos sobre el templo<\/strong><\/span><\/p>\n<p>Entre las consideraciones que se tuvieron en cuenta para la reconstrucci\u00f3n del monumento hist\u00f3rico, se decidi\u00f3 mantener el frente de la iglesia, el altar y todo lo que es de adobe en el interior.<\/p>\n<p>Tambi\u00e9n se dej\u00f3 cuatro paneles de importantes dimensiones, de adobe, para que los turistas aprecien c\u00f3mo era el templo y una excavaci\u00f3n hasta llegar al piso original.<\/p>\n<p>Los trabajos de restauraci\u00f3n, consistieron en consolidar las estructuras originales que deb\u00edan ser conservadas, la tecnolog\u00eda elegida para la consolidaci\u00f3n de los pilares centrales y de los arcos que componen la estructura central de la nave consisti\u00f3 en reforzar con mallas de fibra de carbono, este sistema permitir\u00eda respetar la estructura original sin modificar su naturaleza.<\/p>\n<p>Las obras iniciales del edificio original comenzaron en 1874 y el templo fue inaugurado el 8 de septiembre de 1878. La fachada principal fue afectada por el terremoto de 1894, y su reconstrucci\u00f3n culmin\u00f3 en 1900. El sismo de 1944 ocasion\u00f3 el derrumbe parcial de la nave central y otros da\u00f1os, reparados en 1947.<\/p>\n<p>La imagen de San Jos\u00e9 fue tra\u00edda del Alto Per\u00fa en en 1690 y fue declarado patrono y protector de J\u00e1chal.<\/p>\n<p>Uno de sus mayores atractivos es el Cristo Negro de la Agon\u00eda, una imagen hecha en cuero negro articulado de tama\u00f1o natural que agoniza en Semana Santa.<\/p>\n<p>La nave mayor cubierta por una b\u00f3veda, estaba sostenida por dos \u00f3rdenes de columnas toscanas y arcos de medio punto. Los pisos interiores eran de mosaicos calc\u00e1reos blancos y negros colocados en damero.<\/p>\n<p>Se agreg\u00f3 en el presbiterio un solado de m\u00e1rmol travertino, el solado del atrio era de piedra natural.<\/p>\n<p>El del patio frentista, que conforma una especie de \u00e1gora, era de laja. El conjunto comprend\u00eda tambi\u00e9n una serie de locales anexos de adobe con cubiertas de ca\u00f1a y estructuras de madera y otros de ladrillo con losas de hormig\u00f3n.<\/p>\n<p>El campanil es de estructura sismorresistente, con muros de ladrillo hueco cer\u00e1mico y estructura de hormig\u00f3n. Este acobija tres relojes de hierro.<\/p>\n<p><img loading=\"lazy\" decoding=\"async\" class=\"alignnone wp-image-42890 size-large\" src=\"https:\/\/vocesparalelas.com.ar\/sitio\/wp-content\/uploads\/2021\/10\/JACHAL-SANTUARIO-02-800x533.jpg\" alt=\"\" width=\"800\" height=\"533\" srcset=\"https:\/\/vocesparalelas.com.ar\/sitio\/wp-content\/uploads\/2021\/10\/JACHAL-SANTUARIO-02-800x533.jpg 800w, https:\/\/vocesparalelas.com.ar\/sitio\/wp-content\/uploads\/2021\/10\/JACHAL-SANTUARIO-02-300x200.jpg 300w, https:\/\/vocesparalelas.com.ar\/sitio\/wp-content\/uploads\/2021\/10\/JACHAL-SANTUARIO-02-768x512.jpg 768w, https:\/\/vocesparalelas.com.ar\/sitio\/wp-content\/uploads\/2021\/10\/JACHAL-SANTUARIO-02.jpg 1023w\" sizes=\"auto, (max-width: 800px) 100vw, 800px\" \/><\/p>\n","protected":false},"excerpt":{"rendered":"<p>En un d\u00eda muy esperado por la comunidad del Departamento J\u00e1chal, el S\u00e1bado, 16 de Octubre, la inauguraci\u00f3n de la<\/p>\n","protected":false},"author":3,"featured_media":42888,"comment_status":"closed","ping_status":"closed","sticky":false,"template":"","format":"standard","meta":{"_acf_changed":false,"_seopress_robots_primary_cat":"none","_seopress_titles_title":"","_seopress_titles_desc":"","_seopress_robots_index":"","colormag_page_container_layout":"default_layout","colormag_page_sidebar_layout":"default_layout","footnotes":""},"categories":[1],"tags":[],"class_list":["post-42886","post","type-post","status-publish","format-standard","has-post-thumbnail","hentry","category-destacadas"],"acf":[],"_links":{"self":[{"href":"https:\/\/vocesparalelas.com.ar\/sitio\/wp-json\/wp\/v2\/posts\/42886","targetHints":{"allow":["GET"]}}],"collection":[{"href":"https:\/\/vocesparalelas.com.ar\/sitio\/wp-json\/wp\/v2\/posts"}],"about":[{"href":"https:\/\/vocesparalelas.com.ar\/sitio\/wp-json\/wp\/v2\/types\/post"}],"author":[{"embeddable":true,"href":"https:\/\/vocesparalelas.com.ar\/sitio\/wp-json\/wp\/v2\/users\/3"}],"replies":[{"embeddable":true,"href":"https:\/\/vocesparalelas.com.ar\/sitio\/wp-json\/wp\/v2\/comments?post=42886"}],"version-history":[{"count":1,"href":"https:\/\/vocesparalelas.com.ar\/sitio\/wp-json\/wp\/v2\/posts\/42886\/revisions"}],"predecessor-version":[{"id":42892,"href":"https:\/\/vocesparalelas.com.ar\/sitio\/wp-json\/wp\/v2\/posts\/42886\/revisions\/42892"}],"wp:featuredmedia":[{"embeddable":true,"href":"https:\/\/vocesparalelas.com.ar\/sitio\/wp-json\/wp\/v2\/media\/42888"}],"wp:attachment":[{"href":"https:\/\/vocesparalelas.com.ar\/sitio\/wp-json\/wp\/v2\/media?parent=42886"}],"wp:term":[{"taxonomy":"category","embeddable":true,"href":"https:\/\/vocesparalelas.com.ar\/sitio\/wp-json\/wp\/v2\/categories?post=42886"},{"taxonomy":"post_tag","embeddable":true,"href":"https:\/\/vocesparalelas.com.ar\/sitio\/wp-json\/wp\/v2\/tags?post=42886"}],"curies":[{"name":"wp","href":"https:\/\/api.w.org\/{rel}","templated":true}]}}