{"id":42869,"date":"2021-10-17T00:05:17","date_gmt":"2021-10-17T03:05:17","guid":{"rendered":"https:\/\/vocesparalelas.com.ar\/sitio\/?p=42869"},"modified":"2021-10-17T00:06:48","modified_gmt":"2021-10-17T03:06:48","slug":"san-juan-se-lucio-con-alumnos-emprendedores","status":"publish","type":"post","link":"https:\/\/vocesparalelas.com.ar\/sitio\/san-juan-se-lucio-con-alumnos-emprendedores\/","title":{"rendered":"San Juan se luci\u00f3 con alumnos emprendedores"},"content":{"rendered":"<p>El S\u00e1bado, 16 de Octubre, en la Peatonal, 74 escuelas de los 19 departamentos de San Juan, del Ministerio de Educaci\u00f3n del Gobierno de San Juan, mostraron y comercializaron los productos realizados en el marco del Programa Aprender a Emprender del m\u00f3dulo de emprededurismo del Plan de Capacitaci\u00f3n y Actualizaci\u00f3n Docente 2016-2023.<\/p>\n<p>Los alumnos trabajaron en la creaci\u00f3n de una compa\u00f1\u00eda para establecer un producto o servicio, un plan de negocio, su proceso de elaboraci\u00f3n, el estudio de mercado, comercializaci\u00f3n y distribuci\u00f3n, aspectos fundamentales para atraer potenciales inversores.<\/p>\n<p>Productos y servicios ideados por los alumnos, quienes en sus diferentes roles, desarrollaron las actividades propias de una empresa, sorteando obst\u00e1culos hasta llegar a la comercializaci\u00f3n de sus creaciones.<\/p>\n<p>Con una marcada conciencia sobre la inclusi\u00f3n, el cuidado y protecci\u00f3n del medio ambiente, el p\u00fablico podr\u00e1 encontrar productos y servicios que apelan al uso de materiales reciclados, servicios de asesoramiento y muchos otros proyectos innovadores, creados por los estudiantes.<\/p>\n<p>Por ello, Voces Paralelas visit\u00f3 la propuesta y entrevist\u00f3 a los emprendedores de la Escuela\u00a0Juan Ignacio Gorriti, Localidad La Chimbera, Departamento 25 de Mayo.<\/p>\n<p>El grupo integrado por los alumnos Rut Plaza, Rosario Villega, Nadia Torres, Milagros Bravo, Emilce Escudero, Benjam\u00edn Torrez y Bel\u00e9n Plaza con la gu\u00eda de la Prof. Natalia Morales, que orgullosos presentaron su emprendimiento \u00abSweet Home\u00bb, portasahumerio.<\/p>\n<p><img loading=\"lazy\" decoding=\"async\" class=\"alignnone wp-image-42874 size-full\" src=\"https:\/\/vocesparalelas.com.ar\/sitio\/wp-content\/uploads\/2021\/10\/EMPRENDEDORES-04.jpg\" alt=\"\" width=\"800\" height=\"533\" srcset=\"https:\/\/vocesparalelas.com.ar\/sitio\/wp-content\/uploads\/2021\/10\/EMPRENDEDORES-04.jpg 800w, https:\/\/vocesparalelas.com.ar\/sitio\/wp-content\/uploads\/2021\/10\/EMPRENDEDORES-04-300x200.jpg 300w, https:\/\/vocesparalelas.com.ar\/sitio\/wp-content\/uploads\/2021\/10\/EMPRENDEDORES-04-768x512.jpg 768w\" sizes=\"auto, (max-width: 800px) 100vw, 800px\" \/><\/p>\n<p>La alumna emprendedora Milagros Bravo, explic\u00f3 la experiencia y destac\u00f3 la importancia de sumarse a la propuesta.<\/p>\n<p><iframe loading=\"lazy\" title=\"EMPRENDEDORES\" width=\"800\" height=\"450\" src=\"https:\/\/www.youtube.com\/embed\/aW_RQTTvmts?feature=oembed\" frameborder=\"0\" allow=\"accelerometer; autoplay; clipboard-write; encrypted-media; gyroscope; picture-in-picture\" allowfullscreen><\/iframe><\/p>\n<p>Posteriormente, entrevist\u00f3 a la Prof. Natalia Morales, quien remarc\u00f3 que el proyecto de emprendedor es un programa nacional y de San Juan. Los alumnos emprendedores proponen ideas hasta que se define y despu\u00e9s de un proceso obtuvieron este producto que hoy venden.<\/p>\n<p><iframe loading=\"lazy\" title=\"EMPRENDEDORES\" width=\"800\" height=\"450\" src=\"https:\/\/www.youtube.com\/embed\/J5SwgkwJ-Mg?feature=oembed\" frameborder=\"0\" allow=\"accelerometer; autoplay; clipboard-write; encrypted-media; gyroscope; picture-in-picture\" allowfullscreen><\/iframe><\/p>\n<p>&nbsp;<\/p>\n<p>Adem\u00e1s, el Ministerio de Producci\u00f3n y Desarrollo Econ\u00f3mico del Gobierno de San Juan, present\u00f3 un stand para apoyar el trabajo conjunto que se realiza para activar la actividad comercial.<\/p>\n<p><img loading=\"lazy\" decoding=\"async\" class=\"alignnone wp-image-42871 size-full\" src=\"https:\/\/vocesparalelas.com.ar\/sitio\/wp-content\/uploads\/2021\/10\/EMPRENDEDORES-01.jpg\" alt=\"\" width=\"800\" height=\"533\" srcset=\"https:\/\/vocesparalelas.com.ar\/sitio\/wp-content\/uploads\/2021\/10\/EMPRENDEDORES-01.jpg 800w, https:\/\/vocesparalelas.com.ar\/sitio\/wp-content\/uploads\/2021\/10\/EMPRENDEDORES-01-300x200.jpg 300w, https:\/\/vocesparalelas.com.ar\/sitio\/wp-content\/uploads\/2021\/10\/EMPRENDEDORES-01-768x512.jpg 768w\" sizes=\"auto, (max-width: 800px) 100vw, 800px\" \/><\/p>\n<p>Es as\u00ed que entrevist\u00f3 a la\u00a0Secretaria de Industria, Comercio y Servicios, CPN Adriana Vargas y a la directora de Industria y Comercio, Lic Victoria Campos, ambas del Ministerio de Producci\u00f3n y Desarrollo Econ\u00f3mico.<\/p>\n<figure id=\"attachment_42872\" aria-describedby=\"caption-attachment-42872\" style=\"width: 800px\" class=\"wp-caption alignnone\"><img loading=\"lazy\" decoding=\"async\" class=\"wp-image-42872 size-full\" src=\"https:\/\/vocesparalelas.com.ar\/sitio\/wp-content\/uploads\/2021\/10\/EMPRENDEDORES-02.jpg\" alt=\"\" width=\"800\" height=\"533\" srcset=\"https:\/\/vocesparalelas.com.ar\/sitio\/wp-content\/uploads\/2021\/10\/EMPRENDEDORES-02.jpg 800w, https:\/\/vocesparalelas.com.ar\/sitio\/wp-content\/uploads\/2021\/10\/EMPRENDEDORES-02-300x200.jpg 300w, https:\/\/vocesparalelas.com.ar\/sitio\/wp-content\/uploads\/2021\/10\/EMPRENDEDORES-02-768x512.jpg 768w\" sizes=\"auto, (max-width: 800px) 100vw, 800px\" \/><figcaption id=\"caption-attachment-42872\" class=\"wp-caption-text\">La Directora de Industria y Comercio, Lic Victoria Campos junto a la Secretaria de Industria, Comercio y Servicios, CPN Adriana Vargas y a la<\/figcaption><\/figure>\n<p><iframe loading=\"lazy\" title=\"PRODUCCI\u00d3N\" width=\"800\" height=\"450\" src=\"https:\/\/www.youtube.com\/embed\/f-_WR-5Wc9Q?feature=oembed\" frameborder=\"0\" allow=\"accelerometer; autoplay; clipboard-write; encrypted-media; gyroscope; picture-in-picture\" allowfullscreen><\/iframe><\/p>\n<p>Sinceramente, las distintos grupos de emprendedores mostr\u00f3 y vendi\u00f3 sus productos que permiti\u00f3 mostrar a la gente lo que se hace en San Juan.<\/p>\n<p><img loading=\"lazy\" decoding=\"async\" class=\"alignnone wp-image-42879 size-full\" src=\"https:\/\/vocesparalelas.com.ar\/sitio\/wp-content\/uploads\/2021\/10\/EMPRENDEDORES-10.jpg\" alt=\"\" width=\"800\" height=\"533\" srcset=\"https:\/\/vocesparalelas.com.ar\/sitio\/wp-content\/uploads\/2021\/10\/EMPRENDEDORES-10.jpg 800w, https:\/\/vocesparalelas.com.ar\/sitio\/wp-content\/uploads\/2021\/10\/EMPRENDEDORES-10-300x200.jpg 300w, https:\/\/vocesparalelas.com.ar\/sitio\/wp-content\/uploads\/2021\/10\/EMPRENDEDORES-10-768x512.jpg 768w\" sizes=\"auto, (max-width: 800px) 100vw, 800px\" \/><\/p>\n<p><img loading=\"lazy\" decoding=\"async\" class=\"alignnone wp-image-42878 size-full\" src=\"https:\/\/vocesparalelas.com.ar\/sitio\/wp-content\/uploads\/2021\/10\/EMPRENDEDORES-08.jpg\" alt=\"\" width=\"800\" height=\"533\" srcset=\"https:\/\/vocesparalelas.com.ar\/sitio\/wp-content\/uploads\/2021\/10\/EMPRENDEDORES-08.jpg 800w, https:\/\/vocesparalelas.com.ar\/sitio\/wp-content\/uploads\/2021\/10\/EMPRENDEDORES-08-300x200.jpg 300w, https:\/\/vocesparalelas.com.ar\/sitio\/wp-content\/uploads\/2021\/10\/EMPRENDEDORES-08-768x512.jpg 768w\" sizes=\"auto, (max-width: 800px) 100vw, 800px\" \/><\/p>\n<p><img loading=\"lazy\" decoding=\"async\" class=\"alignnone wp-image-42876 size-full\" src=\"https:\/\/vocesparalelas.com.ar\/sitio\/wp-content\/uploads\/2021\/10\/EMPRENDEDORES-06.jpg\" alt=\"\" width=\"800\" height=\"533\" srcset=\"https:\/\/vocesparalelas.com.ar\/sitio\/wp-content\/uploads\/2021\/10\/EMPRENDEDORES-06.jpg 800w, https:\/\/vocesparalelas.com.ar\/sitio\/wp-content\/uploads\/2021\/10\/EMPRENDEDORES-06-300x200.jpg 300w, https:\/\/vocesparalelas.com.ar\/sitio\/wp-content\/uploads\/2021\/10\/EMPRENDEDORES-06-768x512.jpg 768w\" sizes=\"auto, (max-width: 800px) 100vw, 800px\" \/><\/p>\n<p><img loading=\"lazy\" decoding=\"async\" class=\"alignnone wp-image-42873 size-full\" src=\"https:\/\/vocesparalelas.com.ar\/sitio\/wp-content\/uploads\/2021\/10\/EMPRENDEDORES-03.jpg\" alt=\"\" width=\"800\" height=\"533\" srcset=\"https:\/\/vocesparalelas.com.ar\/sitio\/wp-content\/uploads\/2021\/10\/EMPRENDEDORES-03.jpg 800w, https:\/\/vocesparalelas.com.ar\/sitio\/wp-content\/uploads\/2021\/10\/EMPRENDEDORES-03-300x200.jpg 300w, https:\/\/vocesparalelas.com.ar\/sitio\/wp-content\/uploads\/2021\/10\/EMPRENDEDORES-03-768x512.jpg 768w\" sizes=\"auto, (max-width: 800px) 100vw, 800px\" \/><\/p>\n<p>Tambi\u00e9n, estuvo presente la Estatua Viviente, que le dio un color cultural a la peatonal y admirada por el p\u00fablico.<\/p>\n<p><img loading=\"lazy\" decoding=\"async\" class=\"alignnone wp-image-42877 size-full\" src=\"https:\/\/vocesparalelas.com.ar\/sitio\/wp-content\/uploads\/2021\/10\/EMPRENDEDORES-07.jpg\" alt=\"\" width=\"800\" height=\"533\" srcset=\"https:\/\/vocesparalelas.com.ar\/sitio\/wp-content\/uploads\/2021\/10\/EMPRENDEDORES-07.jpg 800w, https:\/\/vocesparalelas.com.ar\/sitio\/wp-content\/uploads\/2021\/10\/EMPRENDEDORES-07-300x200.jpg 300w, https:\/\/vocesparalelas.com.ar\/sitio\/wp-content\/uploads\/2021\/10\/EMPRENDEDORES-07-768x512.jpg 768w\" sizes=\"auto, (max-width: 800px) 100vw, 800px\" \/><\/p>\n<p>&nbsp;<\/p>\n<p>&nbsp;<\/p>\n<p>&nbsp;<\/p>\n<p>&nbsp;<\/p>\n<p>&nbsp;<\/p>\n","protected":false},"excerpt":{"rendered":"<p>El S\u00e1bado, 16 de Octubre, en la Peatonal, 74 escuelas de los 19 departamentos de San Juan, del Ministerio de<\/p>\n","protected":false},"author":3,"featured_media":42875,"comment_status":"closed","ping_status":"closed","sticky":false,"template":"","format":"video","meta":{"_acf_changed":false,"_seopress_robots_primary_cat":"none","_seopress_titles_title":"","_seopress_titles_desc":"","_seopress_robots_index":"","colormag_page_container_layout":"default_layout","colormag_page_sidebar_layout":"default_layout","footnotes":""},"categories":[1,7],"tags":[],"class_list":["post-42869","post","type-post","status-publish","format-video","has-post-thumbnail","hentry","category-destacadas","category-videos","post_format-post-format-video"],"acf":[],"_links":{"self":[{"href":"https:\/\/vocesparalelas.com.ar\/sitio\/wp-json\/wp\/v2\/posts\/42869","targetHints":{"allow":["GET"]}}],"collection":[{"href":"https:\/\/vocesparalelas.com.ar\/sitio\/wp-json\/wp\/v2\/posts"}],"about":[{"href":"https:\/\/vocesparalelas.com.ar\/sitio\/wp-json\/wp\/v2\/types\/post"}],"author":[{"embeddable":true,"href":"https:\/\/vocesparalelas.com.ar\/sitio\/wp-json\/wp\/v2\/users\/3"}],"replies":[{"embeddable":true,"href":"https:\/\/vocesparalelas.com.ar\/sitio\/wp-json\/wp\/v2\/comments?post=42869"}],"version-history":[{"count":2,"href":"https:\/\/vocesparalelas.com.ar\/sitio\/wp-json\/wp\/v2\/posts\/42869\/revisions"}],"predecessor-version":[{"id":42884,"href":"https:\/\/vocesparalelas.com.ar\/sitio\/wp-json\/wp\/v2\/posts\/42869\/revisions\/42884"}],"wp:featuredmedia":[{"embeddable":true,"href":"https:\/\/vocesparalelas.com.ar\/sitio\/wp-json\/wp\/v2\/media\/42875"}],"wp:attachment":[{"href":"https:\/\/vocesparalelas.com.ar\/sitio\/wp-json\/wp\/v2\/media?parent=42869"}],"wp:term":[{"taxonomy":"category","embeddable":true,"href":"https:\/\/vocesparalelas.com.ar\/sitio\/wp-json\/wp\/v2\/categories?post=42869"},{"taxonomy":"post_tag","embeddable":true,"href":"https:\/\/vocesparalelas.com.ar\/sitio\/wp-json\/wp\/v2\/tags?post=42869"}],"curies":[{"name":"wp","href":"https:\/\/api.w.org\/{rel}","templated":true}]}}