{"id":42859,"date":"2021-10-15T23:51:03","date_gmt":"2021-10-16T02:51:03","guid":{"rendered":"https:\/\/vocesparalelas.com.ar\/sitio\/?p=42859"},"modified":"2021-10-19T01:24:03","modified_gmt":"2021-10-19T04:24:03","slug":"feria-educativa-facultad-abierta-de-la-fi-de-la-unsj","status":"publish","type":"post","link":"https:\/\/vocesparalelas.com.ar\/sitio\/feria-educativa-facultad-abierta-de-la-fi-de-la-unsj\/","title":{"rendered":"Feria Educativa \u00abFacultad Abierta\u00bb de la FI de la UNSJ"},"content":{"rendered":"<p>La Facultad de Ingenier\u00eda de la UNSJ abre sus puertas a los estudiantes de colegios y escuelas secundarias de la provincia, para mostrar su oferta educativa de 13 carreras de grado, las actividades de investigaci\u00f3n, transferencia y principalmente, de formaci\u00f3n de recursos humanos que se realizan en las distintas \u00e1reas de la facultad.<\/p>\n<p>La feria Educativa \u00abFacultad Abierta\u00bb se realiza de modo presencial, desde el 18 hasta el 22 de Octubre, en horarios de 9 a 12 y de 15:30 a 18:30, en el Pasaje 16 de agosto del edificio central de la FI.<\/p>\n<p>Estas jornadas tienen como objetivo central promocionar entre la comunidad estudiantil sanjuanina la oferta de las carreras de grado y las actividades de investigaci\u00f3n, transferencia y principalmente de formaci\u00f3n de recursos humanos que se realizan en las distintas \u00e1reas de la Facultad.<\/p>\n<p>Participan todas las unidades acad\u00e9micas y de investigaci\u00f3n a trav\u00e9s de la exposici\u00f3n de asignaturas y orientaciones de las carreras, mediante videos, presentaciones de profesores y fundamentalmente visitas guiadas a laboratorios con asistencia, en la medida de las posibilidades, a ensayos.<\/p>\n<p>Motiva la realizaci\u00f3n de esta muestra la necesidad de ofrecer a la regi\u00f3n mayor cantidad de profesionales en Ingenier\u00eda, dado que la falta de ingenieros es una debilidad del sector industrial de la Rep\u00fablica Argentina reconocida por el gobierno nacional.<\/p>\n<p>&nbsp;<\/p>\n<p><img loading=\"lazy\" decoding=\"async\" class=\"alignnone wp-image-42861 size-large\" src=\"https:\/\/vocesparalelas.com.ar\/sitio\/wp-content\/uploads\/2021\/10\/FI-ABIERTA-1-800x800.jpg\" alt=\"\" width=\"800\" height=\"800\" srcset=\"https:\/\/vocesparalelas.com.ar\/sitio\/wp-content\/uploads\/2021\/10\/FI-ABIERTA-1-800x800.jpg 800w, https:\/\/vocesparalelas.com.ar\/sitio\/wp-content\/uploads\/2021\/10\/FI-ABIERTA-1-300x300.jpg 300w, https:\/\/vocesparalelas.com.ar\/sitio\/wp-content\/uploads\/2021\/10\/FI-ABIERTA-1-150x150.jpg 150w, https:\/\/vocesparalelas.com.ar\/sitio\/wp-content\/uploads\/2021\/10\/FI-ABIERTA-1-768x768.jpg 768w, https:\/\/vocesparalelas.com.ar\/sitio\/wp-content\/uploads\/2021\/10\/FI-ABIERTA-1.jpg 1024w\" sizes=\"auto, (max-width: 800px) 100vw, 800px\" \/><\/p>\n<p><img loading=\"lazy\" decoding=\"async\" class=\"alignnone wp-image-42862 size-large\" src=\"https:\/\/vocesparalelas.com.ar\/sitio\/wp-content\/uploads\/2021\/10\/FI-ABIERTA-2-800x800.jpg\" alt=\"\" width=\"800\" height=\"800\" srcset=\"https:\/\/vocesparalelas.com.ar\/sitio\/wp-content\/uploads\/2021\/10\/FI-ABIERTA-2-800x800.jpg 800w, https:\/\/vocesparalelas.com.ar\/sitio\/wp-content\/uploads\/2021\/10\/FI-ABIERTA-2-300x300.jpg 300w, https:\/\/vocesparalelas.com.ar\/sitio\/wp-content\/uploads\/2021\/10\/FI-ABIERTA-2-150x150.jpg 150w, https:\/\/vocesparalelas.com.ar\/sitio\/wp-content\/uploads\/2021\/10\/FI-ABIERTA-2-768x768.jpg 768w, https:\/\/vocesparalelas.com.ar\/sitio\/wp-content\/uploads\/2021\/10\/FI-ABIERTA-2.jpg 1024w\" sizes=\"auto, (max-width: 800px) 100vw, 800px\" \/><\/p>\n","protected":false},"excerpt":{"rendered":"<p>La Facultad de Ingenier\u00eda de la UNSJ abre sus puertas a los estudiantes de colegios y escuelas secundarias de la<\/p>\n","protected":false},"author":3,"featured_media":23028,"comment_status":"closed","ping_status":"closed","sticky":false,"template":"","format":"standard","meta":{"_acf_changed":false,"_seopress_robots_primary_cat":"none","_seopress_titles_title":"","_seopress_titles_desc":"","_seopress_robots_index":"","colormag_page_container_layout":"default_layout","colormag_page_sidebar_layout":"default_layout","footnotes":""},"categories":[2],"tags":[],"class_list":["post-42859","post","type-post","status-publish","format-standard","has-post-thumbnail","hentry","category-convocatorias"],"acf":[],"_links":{"self":[{"href":"https:\/\/vocesparalelas.com.ar\/sitio\/wp-json\/wp\/v2\/posts\/42859","targetHints":{"allow":["GET"]}}],"collection":[{"href":"https:\/\/vocesparalelas.com.ar\/sitio\/wp-json\/wp\/v2\/posts"}],"about":[{"href":"https:\/\/vocesparalelas.com.ar\/sitio\/wp-json\/wp\/v2\/types\/post"}],"author":[{"embeddable":true,"href":"https:\/\/vocesparalelas.com.ar\/sitio\/wp-json\/wp\/v2\/users\/3"}],"replies":[{"embeddable":true,"href":"https:\/\/vocesparalelas.com.ar\/sitio\/wp-json\/wp\/v2\/comments?post=42859"}],"version-history":[{"count":1,"href":"https:\/\/vocesparalelas.com.ar\/sitio\/wp-json\/wp\/v2\/posts\/42859\/revisions"}],"predecessor-version":[{"id":42863,"href":"https:\/\/vocesparalelas.com.ar\/sitio\/wp-json\/wp\/v2\/posts\/42859\/revisions\/42863"}],"wp:featuredmedia":[{"embeddable":true,"href":"https:\/\/vocesparalelas.com.ar\/sitio\/wp-json\/wp\/v2\/media\/23028"}],"wp:attachment":[{"href":"https:\/\/vocesparalelas.com.ar\/sitio\/wp-json\/wp\/v2\/media?parent=42859"}],"wp:term":[{"taxonomy":"category","embeddable":true,"href":"https:\/\/vocesparalelas.com.ar\/sitio\/wp-json\/wp\/v2\/categories?post=42859"},{"taxonomy":"post_tag","embeddable":true,"href":"https:\/\/vocesparalelas.com.ar\/sitio\/wp-json\/wp\/v2\/tags?post=42859"}],"curies":[{"name":"wp","href":"https:\/\/api.w.org\/{rel}","templated":true}]}}