{"id":42789,"date":"2021-10-14T22:48:37","date_gmt":"2021-10-15T01:48:37","guid":{"rendered":"https:\/\/vocesparalelas.com.ar\/sitio\/?p=42789"},"modified":"2021-10-16T00:05:03","modified_gmt":"2021-10-16T03:05:03","slug":"se-aprobo-la-presencialidad-para-todas-las-actividades-academicas-de-la-unsj","status":"publish","type":"post","link":"https:\/\/vocesparalelas.com.ar\/sitio\/se-aprobo-la-presencialidad-para-todas-las-actividades-academicas-de-la-unsj\/","title":{"rendered":"Se aprob\u00f3 la presencialidad para todas las actividades acad\u00e9micas de la UNSJ"},"content":{"rendered":"<p>En su sesi\u00f3n del Jueves, 14 de Octubre, el Consejo Superior de la Universidad Nacional de San Juan, presidido por el rector Ing. Tadeo Berenguer, dio tratamiento sobre tablas a una propuesta elevada por el Consejo Acad\u00e9mico, relativa a la presencialidad en el nivel universitario.<\/p>\n<p>En tal sentido, el aporte de los consejeros aprob\u00f3 por unanimidad la propuesta, que establece la presencialidad para todas las actividades acad\u00e9micas, dispone que se respete el factor de ocupaci\u00f3n tomando las medidas sanitarias necesarias que permitan un ingreso y egreso ordenado y contempla la bimodalidad en los casos que as\u00ed lo requieran, respetando el contrato pedag\u00f3gico.<\/p>\n<p>En otro orden, el cuerpo design\u00f3 como coordinadora de la Comisi\u00f3n Ad Hoc Ley Micaela, a la consejera estudiantil Florencia Araya, quien fue propuesta por sus pares. Tambi\u00e9n se aprob\u00f3 emitir una felicitaci\u00f3n para los autores de los tres desarrollos cuyas patentes fueron presentadas hoy en la UNSJ.<\/p>\n<p>La vicerrectora de la UNSJ, Dra. Anal\u00eda Ponce realiz\u00f3 un informe sobre dos actividades importantes que se retomaron en las \u00faltimas semanas: la reglamentaci\u00f3n de la Carrera Acad\u00e9mica y el di\u00e1logo con los representantes de las comunidades originarias, en el marco de lo actuado hasta el momento en relaci\u00f3n al Instituto de Investigaciones Arqueol\u00f3gicas y Museo Mariano Gambier.<\/p>\n<p>Por \u00faltimo, el cuerpo se aboc\u00f3 a la consideraci\u00f3n de gran cantidad de expedientes de distintas comisiones, en el marco del ordenamiento y depuraci\u00f3n dispuestas por las autoridades universitarias.<\/p>\n","protected":false},"excerpt":{"rendered":"<p>En su sesi\u00f3n del Jueves, 14 de Octubre, el Consejo Superior de la Universidad Nacional de San Juan, presidido por<\/p>\n","protected":false},"author":3,"featured_media":42791,"comment_status":"closed","ping_status":"closed","sticky":false,"template":"","format":"standard","meta":{"_acf_changed":false,"_seopress_robots_primary_cat":"none","_seopress_titles_title":"","_seopress_titles_desc":"","_seopress_robots_index":"","colormag_page_container_layout":"default_layout","colormag_page_sidebar_layout":"default_layout","footnotes":""},"categories":[5],"tags":[],"class_list":["post-42789","post","type-post","status-publish","format-standard","has-post-thumbnail","hentry","category-ofrecimientos"],"acf":[],"_links":{"self":[{"href":"https:\/\/vocesparalelas.com.ar\/sitio\/wp-json\/wp\/v2\/posts\/42789","targetHints":{"allow":["GET"]}}],"collection":[{"href":"https:\/\/vocesparalelas.com.ar\/sitio\/wp-json\/wp\/v2\/posts"}],"about":[{"href":"https:\/\/vocesparalelas.com.ar\/sitio\/wp-json\/wp\/v2\/types\/post"}],"author":[{"embeddable":true,"href":"https:\/\/vocesparalelas.com.ar\/sitio\/wp-json\/wp\/v2\/users\/3"}],"replies":[{"embeddable":true,"href":"https:\/\/vocesparalelas.com.ar\/sitio\/wp-json\/wp\/v2\/comments?post=42789"}],"version-history":[{"count":1,"href":"https:\/\/vocesparalelas.com.ar\/sitio\/wp-json\/wp\/v2\/posts\/42789\/revisions"}],"predecessor-version":[{"id":42792,"href":"https:\/\/vocesparalelas.com.ar\/sitio\/wp-json\/wp\/v2\/posts\/42789\/revisions\/42792"}],"wp:featuredmedia":[{"embeddable":true,"href":"https:\/\/vocesparalelas.com.ar\/sitio\/wp-json\/wp\/v2\/media\/42791"}],"wp:attachment":[{"href":"https:\/\/vocesparalelas.com.ar\/sitio\/wp-json\/wp\/v2\/media?parent=42789"}],"wp:term":[{"taxonomy":"category","embeddable":true,"href":"https:\/\/vocesparalelas.com.ar\/sitio\/wp-json\/wp\/v2\/categories?post=42789"},{"taxonomy":"post_tag","embeddable":true,"href":"https:\/\/vocesparalelas.com.ar\/sitio\/wp-json\/wp\/v2\/tags?post=42789"}],"curies":[{"name":"wp","href":"https:\/\/api.w.org\/{rel}","templated":true}]}}