{"id":42737,"date":"2021-10-12T23:31:46","date_gmt":"2021-10-13T02:31:46","guid":{"rendered":"https:\/\/vocesparalelas.com.ar\/sitio\/?p=42737"},"modified":"2021-10-16T00:10:32","modified_gmt":"2021-10-16T03:10:32","slug":"inscripcion-de-proyectos-para-la-feria-de-innovacion-educativa","status":"publish","type":"post","link":"https:\/\/vocesparalelas.com.ar\/sitio\/inscripcion-de-proyectos-para-la-feria-de-innovacion-educativa\/","title":{"rendered":"Inscripci\u00f3n de proyectos para la Feria de Innovaci\u00f3n Educativa"},"content":{"rendered":"<p>El Plan Nacional de Ciencia, Tecnolog\u00eda e Innovaci\u00f3n en la Escuela del Ministerio de Educaci\u00f3n del Gobierno de San Juan, informa que extendi\u00f3 el plazo de inscripci\u00f3n de proyectos para participar en la Feria de Innovaci\u00f3n Educativa hasta el 20 de octubre.<\/p>\n<p>El prop\u00f3sito es que los estudiantes construyan perspectivas diversas para pensar la realidad desde la curiosidad y la creatividad y con pensamiento anal\u00edtico y riguroso. El objetivo es incentivar el conocimiento y la exploraci\u00f3n.<\/p>\n<p>La convocatoria es para estudiantes, docentes, escuelas, institutos de los diferentes niveles y modalidades y universidades.<\/p>\n<p>Cabe recordar que en junio se desarroll\u00f3 una instancia escolar en cada instituci\u00f3n educativa, en agosto la instancia departamental y ahora la provincial, donde se exhibir\u00e1n los avances y conclusiones de los proyectos presentados en las presentaciones anteriores y se sumaran los proyectos que se inscriban.<\/p>\n<p>Los interesados pueden acceder en la\u00a0<a href=\"https:\/\/educacion.sanjuan.edu.ar\/mesj\/sitios\/CECyT2021%20Proyectos\/\" target=\"_blank\" rel=\"noopener noreferrer\">web del Ministerio de Educaci\u00f3n<\/a>\u00a0a las bases, tutoriales y formulario de inscripci\u00f3n para participar en la opci\u00f3n \u201c\u00a1Soy Docente, quiero participar!\u201d<\/p>\n<p>Accede a este tutorial para conocer c\u00f3mo inscribirte<\/p>\n<p><a href=\"https:\/\/drive.google.com\/file\/d\/1wh1gZVFtl-R2ztqg2dZRjjlPtBxn2flk\/view?usp=sharing\">https:\/\/drive.google.com\/file\/d\/1wh1gZVFtl-R2ztqg2dZRjjlPtBxn2flk\/view?usp=sharing<\/a><\/p>\n<p>Tambi\u00e9n se pueden visitar en la web los trabajos que participaron de la instancia escolar y departamental\u00a0ingresando a \u201cExposici\u00f3n de Proyectos\u201d<\/p>\n<p><a href=\"https:\/\/drive.google.com\/file\/d\/1wh1gZVFtl-R2ztqg2dZRjjlPtBxn2flk\/view?usp=sharing\">https:\/\/drive.google.com\/file\/d\/1wh1gZVFtl-R2ztqg2dZRjjlPtBxn2flk\/view?usp=sharing<\/a><\/p>\n<p><span style=\"color: #339966;\">Por<strong> consultas o mayor informaci\u00f3n comunicarse<\/strong><\/span><\/p>\n<ul>\n<li><a href=\"https:\/\/www.instagram.com\/invites\/contact\/?i=1j14xc6na6mq2&amp;utm_content=l1dkgy4\" target=\"_blank\" rel=\"noopener noreferrer\">Instagram<\/a><\/li>\n<li><a href=\"https:\/\/www.facebook.com\/Educacion.Ciencia.Tecnologia\/\" target=\"_blank\" rel=\"noopener noreferrer\">Fanpage<\/a><\/li>\n<li><a href=\"https:\/\/youtube.com\/channel\/UCSPw98yib62lFKsvDGr4ptQ\" target=\"_blank\" rel=\"noopener noreferrer\">Canal de Youtube<\/a><\/li>\n<li><strong>Gmail:\u00a0<\/strong><span id=\"cloak4f447e60a9033b9b013f2648e1cf3b37\"><a href=\"mailto:feriainnovacionsj@gmail.com\">feriainnovacionsj@gmail.com<\/a><\/span><\/li>\n<li><a href=\"https:\/\/educacion.sanjuan.edu.ar\/mesj\/sitios\/CECyT2021%20Proyectos\/\" target=\"_blank\" rel=\"noopener noreferrer\">Web \u2013 links<\/a><\/li>\n<li><strong>Whatsapp<\/strong>: 2646623957 (Rub\u00e9n Rojas) \/ 2645308844 (Claudia Pedrozo) \/ 2644558142 (Celina Oro)<\/li>\n<\/ul>\n<p>&nbsp;<\/p>\n<p>&nbsp;<\/p>\n","protected":false},"excerpt":{"rendered":"<p>El Plan Nacional de Ciencia, Tecnolog\u00eda e Innovaci\u00f3n en la Escuela del Ministerio de Educaci\u00f3n del Gobierno de San Juan,<\/p>\n","protected":false},"author":3,"featured_media":42739,"comment_status":"closed","ping_status":"closed","sticky":false,"template":"","format":"standard","meta":{"_acf_changed":false,"_seopress_robots_primary_cat":"none","_seopress_titles_title":"","_seopress_titles_desc":"","_seopress_robots_index":"","colormag_page_container_layout":"default_layout","colormag_page_sidebar_layout":"default_layout","footnotes":""},"categories":[2],"tags":[],"class_list":["post-42737","post","type-post","status-publish","format-standard","has-post-thumbnail","hentry","category-convocatorias"],"acf":[],"_links":{"self":[{"href":"https:\/\/vocesparalelas.com.ar\/sitio\/wp-json\/wp\/v2\/posts\/42737","targetHints":{"allow":["GET"]}}],"collection":[{"href":"https:\/\/vocesparalelas.com.ar\/sitio\/wp-json\/wp\/v2\/posts"}],"about":[{"href":"https:\/\/vocesparalelas.com.ar\/sitio\/wp-json\/wp\/v2\/types\/post"}],"author":[{"embeddable":true,"href":"https:\/\/vocesparalelas.com.ar\/sitio\/wp-json\/wp\/v2\/users\/3"}],"replies":[{"embeddable":true,"href":"https:\/\/vocesparalelas.com.ar\/sitio\/wp-json\/wp\/v2\/comments?post=42737"}],"version-history":[{"count":1,"href":"https:\/\/vocesparalelas.com.ar\/sitio\/wp-json\/wp\/v2\/posts\/42737\/revisions"}],"predecessor-version":[{"id":42740,"href":"https:\/\/vocesparalelas.com.ar\/sitio\/wp-json\/wp\/v2\/posts\/42737\/revisions\/42740"}],"wp:featuredmedia":[{"embeddable":true,"href":"https:\/\/vocesparalelas.com.ar\/sitio\/wp-json\/wp\/v2\/media\/42739"}],"wp:attachment":[{"href":"https:\/\/vocesparalelas.com.ar\/sitio\/wp-json\/wp\/v2\/media?parent=42737"}],"wp:term":[{"taxonomy":"category","embeddable":true,"href":"https:\/\/vocesparalelas.com.ar\/sitio\/wp-json\/wp\/v2\/categories?post=42737"},{"taxonomy":"post_tag","embeddable":true,"href":"https:\/\/vocesparalelas.com.ar\/sitio\/wp-json\/wp\/v2\/tags?post=42737"}],"curies":[{"name":"wp","href":"https:\/\/api.w.org\/{rel}","templated":true}]}}