{"id":42653,"date":"2021-10-07T21:16:20","date_gmt":"2021-10-08T00:16:20","guid":{"rendered":"https:\/\/vocesparalelas.com.ar\/sitio\/?p=42653"},"modified":"2021-10-13T01:25:48","modified_gmt":"2021-10-13T04:25:48","slug":"atencion-al-publico-en-el-hospital-dr-marcial-quiroga","status":"publish","type":"post","link":"https:\/\/vocesparalelas.com.ar\/sitio\/atencion-al-publico-en-el-hospital-dr-marcial-quiroga\/","title":{"rendered":"Atenci\u00f3n al p\u00fablico en el Hospital Dr. Marcial Quiroga"},"content":{"rendered":"<p>El Hospital Marcial Quiroga comunica a la comunidad usuaria y en general que, durante este fin de semana que se extiende por los feriados del Viernes, 8 y el Lunes, 11 de Octubre, su atenci\u00f3n funciona con la modalidad de un d\u00eda domingo, garantizando la atenci\u00f3n las 24 hs.<\/p>\n<p>Recuerda a la comunidad que es obligatorio utilizar tapaboca en todo momento, como tambi\u00e9n respetar el distanciamiento f\u00edsico y las disposiciones sanitarias implementadas por \u00e9ste centro asistencial.<\/p>\n<p>&nbsp;<\/p>\n<p>&nbsp;<\/p>\n<p>&nbsp;<\/p>\n","protected":false},"excerpt":{"rendered":"<p>El Hospital Marcial Quiroga comunica a la comunidad usuaria y en general que, durante este fin de semana que se<\/p>\n","protected":false},"author":3,"featured_media":42655,"comment_status":"closed","ping_status":"closed","sticky":false,"template":"","format":"standard","meta":{"_acf_changed":false,"_seopress_robots_primary_cat":"none","_seopress_titles_title":"","_seopress_titles_desc":"","_seopress_robots_index":"","colormag_page_container_layout":"default_layout","colormag_page_sidebar_layout":"default_layout","footnotes":""},"categories":[1],"tags":[],"class_list":["post-42653","post","type-post","status-publish","format-standard","has-post-thumbnail","hentry","category-destacadas"],"acf":[],"_links":{"self":[{"href":"https:\/\/vocesparalelas.com.ar\/sitio\/wp-json\/wp\/v2\/posts\/42653","targetHints":{"allow":["GET"]}}],"collection":[{"href":"https:\/\/vocesparalelas.com.ar\/sitio\/wp-json\/wp\/v2\/posts"}],"about":[{"href":"https:\/\/vocesparalelas.com.ar\/sitio\/wp-json\/wp\/v2\/types\/post"}],"author":[{"embeddable":true,"href":"https:\/\/vocesparalelas.com.ar\/sitio\/wp-json\/wp\/v2\/users\/3"}],"replies":[{"embeddable":true,"href":"https:\/\/vocesparalelas.com.ar\/sitio\/wp-json\/wp\/v2\/comments?post=42653"}],"version-history":[{"count":1,"href":"https:\/\/vocesparalelas.com.ar\/sitio\/wp-json\/wp\/v2\/posts\/42653\/revisions"}],"predecessor-version":[{"id":42656,"href":"https:\/\/vocesparalelas.com.ar\/sitio\/wp-json\/wp\/v2\/posts\/42653\/revisions\/42656"}],"wp:featuredmedia":[{"embeddable":true,"href":"https:\/\/vocesparalelas.com.ar\/sitio\/wp-json\/wp\/v2\/media\/42655"}],"wp:attachment":[{"href":"https:\/\/vocesparalelas.com.ar\/sitio\/wp-json\/wp\/v2\/media?parent=42653"}],"wp:term":[{"taxonomy":"category","embeddable":true,"href":"https:\/\/vocesparalelas.com.ar\/sitio\/wp-json\/wp\/v2\/categories?post=42653"},{"taxonomy":"post_tag","embeddable":true,"href":"https:\/\/vocesparalelas.com.ar\/sitio\/wp-json\/wp\/v2\/tags?post=42653"}],"curies":[{"name":"wp","href":"https:\/\/api.w.org\/{rel}","templated":true}]}}