{"id":42643,"date":"2021-10-07T15:05:46","date_gmt":"2021-10-07T18:05:46","guid":{"rendered":"https:\/\/vocesparalelas.com.ar\/sitio\/?p=42643"},"modified":"2021-10-07T15:16:29","modified_gmt":"2021-10-07T18:16:29","slug":"se-evaluo-la-decision-del-ministerio-de-educacion-de-la-nacion-para-la-vuelta-a-la-presencialidad-plena-en-la-unsj","status":"publish","type":"post","link":"https:\/\/vocesparalelas.com.ar\/sitio\/se-evaluo-la-decision-del-ministerio-de-educacion-de-la-nacion-para-la-vuelta-a-la-presencialidad-plena-en-la-unsj\/","title":{"rendered":"Se evalu\u00f3 la decisi\u00f3n del Ministerio de Educaci\u00f3n de la Naci\u00f3n para la vuelta a la presencialidad plena en la UNSJ"},"content":{"rendered":"<p>El rector de la Universidad Nacional de San Juan, Ing. Tadeo Berenguer, se explay\u00f3 sobre la decisi\u00f3n del ministro de Educaci\u00f3n de la naci\u00f3n, Lic. Jaime Perzyck, de terminar con el distanciamiento en las universidades, lo que lleva impl\u00edcita la vuelta a la presencialidad plena en todas las actividades.<\/p>\n<p>\u201cEra algo que se estaba esperando sab\u00edamos que la situaci\u00f3n sanitaria hab\u00eda mejorado sustancialmente. Si bien el sistema universitario ya ven\u00eda adecu\u00e1ndose a la presencialidad controlada, en algunos aspectos, y la \u00fanica barrera que quedaba, que era el distanciamiento, ya ha sido eliminado\u201d.<\/p>\n<p>Al respecto, Berenguer sostuvo que \u201cdebemos sostener el compromiso acad\u00e9mico que hemos asumido al principio del cuatrimestre, quedan escasas semanas para terminar el dictado de clases y son muy pocos los cambios profundos que se pueden hacer. Todas aquellas asignaturas que puedan adaptarse y respetando el compromiso que se ha adquirido con los alumnos , lo vamos a hacer porque debemos terminar de manera ordenada el ciclo lectivo\u201d.<\/p>\n<p>El rector se\u00f1al\u00f3 que \u201clos espacios est\u00e1n disponibles, la limitaci\u00f3n de la distancia ya no existe. Debemos tener en cuenta que hay alumnos que han estado cursando el cuatrimestre con virtualidad plena, y no podemos cambiar totalmente las reglas de juego a escasas tres semanas de la culminaci\u00f3n del ciclo lectivo, pero gradualmente y con un firme compromiso de mantener este contrato entre el alumno y el profesor, vamos a fijar nuevas reglas de juego entre los dos sectores para poder terminar. Inmediatamente, comenzar a pensar en el nuevo ciclo lectivo para febrero, porque la presencialidad ya va a estar disponible, pero siempre teniendo en cuenta la riqueza de la virtualidad que ha venido a potenciar nuestro sistema universitario\u201d.<\/p>\n<p>&nbsp;<\/p>\n<p><img loading=\"lazy\" decoding=\"async\" class=\"alignnone wp-image-41584 size-large\" src=\"https:\/\/vocesparalelas.com.ar\/sitio\/wp-content\/uploads\/2021\/09\/UNSJ-PLACA-2-800x600.jpg\" alt=\"\" width=\"800\" height=\"600\" srcset=\"https:\/\/vocesparalelas.com.ar\/sitio\/wp-content\/uploads\/2021\/09\/UNSJ-PLACA-2-800x600.jpg 800w, https:\/\/vocesparalelas.com.ar\/sitio\/wp-content\/uploads\/2021\/09\/UNSJ-PLACA-2-300x225.jpg 300w, https:\/\/vocesparalelas.com.ar\/sitio\/wp-content\/uploads\/2021\/09\/UNSJ-PLACA-2-768x576.jpg 768w, https:\/\/vocesparalelas.com.ar\/sitio\/wp-content\/uploads\/2021\/09\/UNSJ-PLACA-2.jpg 1024w\" sizes=\"auto, (max-width: 800px) 100vw, 800px\" \/><\/p>\n","protected":false},"excerpt":{"rendered":"<p>El rector de la Universidad Nacional de San Juan, Ing. Tadeo Berenguer, se explay\u00f3 sobre la decisi\u00f3n del ministro de<\/p>\n","protected":false},"author":3,"featured_media":42062,"comment_status":"closed","ping_status":"closed","sticky":false,"template":"","format":"standard","meta":{"_acf_changed":false,"_seopress_robots_primary_cat":"none","_seopress_titles_title":"","_seopress_titles_desc":"","_seopress_robots_index":"","colormag_page_container_layout":"default_layout","colormag_page_sidebar_layout":"default_layout","footnotes":""},"categories":[1],"tags":[],"class_list":["post-42643","post","type-post","status-publish","format-standard","has-post-thumbnail","hentry","category-destacadas"],"acf":[],"_links":{"self":[{"href":"https:\/\/vocesparalelas.com.ar\/sitio\/wp-json\/wp\/v2\/posts\/42643","targetHints":{"allow":["GET"]}}],"collection":[{"href":"https:\/\/vocesparalelas.com.ar\/sitio\/wp-json\/wp\/v2\/posts"}],"about":[{"href":"https:\/\/vocesparalelas.com.ar\/sitio\/wp-json\/wp\/v2\/types\/post"}],"author":[{"embeddable":true,"href":"https:\/\/vocesparalelas.com.ar\/sitio\/wp-json\/wp\/v2\/users\/3"}],"replies":[{"embeddable":true,"href":"https:\/\/vocesparalelas.com.ar\/sitio\/wp-json\/wp\/v2\/comments?post=42643"}],"version-history":[{"count":2,"href":"https:\/\/vocesparalelas.com.ar\/sitio\/wp-json\/wp\/v2\/posts\/42643\/revisions"}],"predecessor-version":[{"id":42646,"href":"https:\/\/vocesparalelas.com.ar\/sitio\/wp-json\/wp\/v2\/posts\/42643\/revisions\/42646"}],"wp:featuredmedia":[{"embeddable":true,"href":"https:\/\/vocesparalelas.com.ar\/sitio\/wp-json\/wp\/v2\/media\/42062"}],"wp:attachment":[{"href":"https:\/\/vocesparalelas.com.ar\/sitio\/wp-json\/wp\/v2\/media?parent=42643"}],"wp:term":[{"taxonomy":"category","embeddable":true,"href":"https:\/\/vocesparalelas.com.ar\/sitio\/wp-json\/wp\/v2\/categories?post=42643"},{"taxonomy":"post_tag","embeddable":true,"href":"https:\/\/vocesparalelas.com.ar\/sitio\/wp-json\/wp\/v2\/tags?post=42643"}],"curies":[{"name":"wp","href":"https:\/\/api.w.org\/{rel}","templated":true}]}}