{"id":42622,"date":"2021-10-06T21:41:19","date_gmt":"2021-10-07T00:41:19","guid":{"rendered":"https:\/\/vocesparalelas.com.ar\/sitio\/?p=42622"},"modified":"2021-10-06T23:41:33","modified_gmt":"2021-10-07T02:41:33","slug":"se-firmo-el-decreto-para-el-consejo-provincial-para-la-proteccion-integral-de-la-ninez-y-adolescencia-y-el-convenio-con-senaf","status":"publish","type":"post","link":"https:\/\/vocesparalelas.com.ar\/sitio\/se-firmo-el-decreto-para-el-consejo-provincial-para-la-proteccion-integral-de-la-ninez-y-adolescencia-y-el-convenio-con-senaf\/","title":{"rendered":"Se firm\u00f3 el decreto para el Consejo Provincial para la Protecci\u00f3n Integral de la Ni\u00f1ez y Adolescencia y el convenio con SeNAF"},"content":{"rendered":"<p>El gobernador de San Juan, Dr. Sergio U\u00f1ac firm\u00f3 el decreto para la conformaci\u00f3n del Consejo Provincial para la Protecci\u00f3n Integral de la Ni\u00f1ez y Adolescencia, basado en la Ley de Protecci\u00f3n integral de los derechos de ni\u00f1os y adolescentes de la provincia.<\/p>\n<p>El acto estuvo presidido por el gobernador Dr. Sergio U\u00f1ac, acompa\u00f1ado por el ministro de Desarrollo Humano y Promoci\u00f3n Social, Prof. Fabian Aballay; las diputadas provinciales Marcela Monti, Florencia Pe\u00f1aloza, Fernanda Paredes; el subsecretario para la Ni\u00f1ez, Adolescencia y Familia de la Naci\u00f3n, Lic. Mariano Luongo y el director provincial de Ni\u00f1ez, Adolescencia y Familia, Carlos Olivera, entre otros funcionarios.<\/p>\n<p><img loading=\"lazy\" decoding=\"async\" class=\"alignnone wp-image-42629 size-large\" src=\"https:\/\/vocesparalelas.com.ar\/sitio\/wp-content\/uploads\/2021\/10\/NINEZ-06-800x403.jpg\" alt=\"\" width=\"800\" height=\"403\" srcset=\"https:\/\/vocesparalelas.com.ar\/sitio\/wp-content\/uploads\/2021\/10\/NINEZ-06-800x403.jpg 800w, https:\/\/vocesparalelas.com.ar\/sitio\/wp-content\/uploads\/2021\/10\/NINEZ-06-300x151.jpg 300w, https:\/\/vocesparalelas.com.ar\/sitio\/wp-content\/uploads\/2021\/10\/NINEZ-06-768x387.jpg 768w, https:\/\/vocesparalelas.com.ar\/sitio\/wp-content\/uploads\/2021\/10\/NINEZ-06.jpg 1023w\" sizes=\"auto, (max-width: 800px) 100vw, 800px\" \/><\/p>\n<p><img loading=\"lazy\" decoding=\"async\" class=\"alignnone wp-image-42628 size-large\" src=\"https:\/\/vocesparalelas.com.ar\/sitio\/wp-content\/uploads\/2021\/10\/NINEZ-05-800x472.jpg\" alt=\"\" width=\"800\" height=\"472\" srcset=\"https:\/\/vocesparalelas.com.ar\/sitio\/wp-content\/uploads\/2021\/10\/NINEZ-05-800x472.jpg 800w, https:\/\/vocesparalelas.com.ar\/sitio\/wp-content\/uploads\/2021\/10\/NINEZ-05-300x177.jpg 300w, https:\/\/vocesparalelas.com.ar\/sitio\/wp-content\/uploads\/2021\/10\/NINEZ-05-768x453.jpg 768w, https:\/\/vocesparalelas.com.ar\/sitio\/wp-content\/uploads\/2021\/10\/NINEZ-05.jpg 1023w\" sizes=\"auto, (max-width: 800px) 100vw, 800px\" \/><\/p>\n<p><img loading=\"lazy\" decoding=\"async\" class=\"alignnone wp-image-42627 size-large\" src=\"https:\/\/vocesparalelas.com.ar\/sitio\/wp-content\/uploads\/2021\/10\/NINEZ-04-800x515.jpg\" alt=\"\" width=\"800\" height=\"515\" srcset=\"https:\/\/vocesparalelas.com.ar\/sitio\/wp-content\/uploads\/2021\/10\/NINEZ-04-800x515.jpg 800w, https:\/\/vocesparalelas.com.ar\/sitio\/wp-content\/uploads\/2021\/10\/NINEZ-04-300x193.jpg 300w, https:\/\/vocesparalelas.com.ar\/sitio\/wp-content\/uploads\/2021\/10\/NINEZ-04-768x494.jpg 768w, https:\/\/vocesparalelas.com.ar\/sitio\/wp-content\/uploads\/2021\/10\/NINEZ-04.jpg 1024w\" sizes=\"auto, (max-width: 800px) 100vw, 800px\" \/><\/p>\n<p><img loading=\"lazy\" decoding=\"async\" class=\"alignnone wp-image-42626 size-large\" src=\"https:\/\/vocesparalelas.com.ar\/sitio\/wp-content\/uploads\/2021\/10\/NINEZ-03-800x448.jpg\" alt=\"\" width=\"800\" height=\"448\" srcset=\"https:\/\/vocesparalelas.com.ar\/sitio\/wp-content\/uploads\/2021\/10\/NINEZ-03-800x448.jpg 800w, https:\/\/vocesparalelas.com.ar\/sitio\/wp-content\/uploads\/2021\/10\/NINEZ-03-300x168.jpg 300w, https:\/\/vocesparalelas.com.ar\/sitio\/wp-content\/uploads\/2021\/10\/NINEZ-03-768x431.jpg 768w, https:\/\/vocesparalelas.com.ar\/sitio\/wp-content\/uploads\/2021\/10\/NINEZ-03.jpg 1024w\" sizes=\"auto, (max-width: 800px) 100vw, 800px\" \/><\/p>\n<p><img loading=\"lazy\" decoding=\"async\" class=\"alignnone wp-image-42625 size-large\" src=\"https:\/\/vocesparalelas.com.ar\/sitio\/wp-content\/uploads\/2021\/10\/NINEZ-02-800x522.jpg\" alt=\"\" width=\"800\" height=\"522\" srcset=\"https:\/\/vocesparalelas.com.ar\/sitio\/wp-content\/uploads\/2021\/10\/NINEZ-02-800x522.jpg 800w, https:\/\/vocesparalelas.com.ar\/sitio\/wp-content\/uploads\/2021\/10\/NINEZ-02-300x196.jpg 300w, https:\/\/vocesparalelas.com.ar\/sitio\/wp-content\/uploads\/2021\/10\/NINEZ-02-768x501.jpg 768w, https:\/\/vocesparalelas.com.ar\/sitio\/wp-content\/uploads\/2021\/10\/NINEZ-02.jpg 1023w\" sizes=\"auto, (max-width: 800px) 100vw, 800px\" \/><\/p>\n<p>Adem\u00e1s estuvieron presentes las directoras nacionales de Promoci\u00f3n y Protecci\u00f3n Integral, Alejandra Shanahan; para Adolescentes Infractores de la Ley Penal, Gloria Bonatto; de Gesti\u00f3n y Desarrollo Institucional, Gisela Clivaggio; la coordinadora del Programa Nacional Primeros A\u00f1os, Diana Olgu\u00edn; los jueces de Familia Marianela L\u00f3pez y Gustavo Almir\u00f3n; los jueces de Menores Dr. Esteban De La Torre, Dr. Jorge Toro, Dra. Mar\u00eda Camus; funcionarios de los ministerios de Salud y Educaci\u00f3n.<\/p>\n<p><img loading=\"lazy\" decoding=\"async\" class=\"alignnone wp-image-42624 size-large\" src=\"https:\/\/vocesparalelas.com.ar\/sitio\/wp-content\/uploads\/2021\/10\/NINEZ-01-800x431.jpg\" alt=\"\" width=\"800\" height=\"431\" srcset=\"https:\/\/vocesparalelas.com.ar\/sitio\/wp-content\/uploads\/2021\/10\/NINEZ-01-800x431.jpg 800w, https:\/\/vocesparalelas.com.ar\/sitio\/wp-content\/uploads\/2021\/10\/NINEZ-01-300x162.jpg 300w, https:\/\/vocesparalelas.com.ar\/sitio\/wp-content\/uploads\/2021\/10\/NINEZ-01-768x414.jpg 768w, https:\/\/vocesparalelas.com.ar\/sitio\/wp-content\/uploads\/2021\/10\/NINEZ-01.jpg 1024w\" sizes=\"auto, (max-width: 800px) 100vw, 800px\" \/><\/p>\n<p>En el mismo encuentro,\u00a0el gobernador firm\u00f3 convenios con Naci\u00f3n para la recepci\u00f3n de tablets para ni\u00f1os y adolescentes de hogares estatales, apoyo econ\u00f3mico para el Instituto Nazario Benav\u00eddez y para las zonas de crianza en el municipio de Rawson.<\/p>\n<p>Al comienzo, Sergio U\u00f1ac agradeci\u00f3 a Luongo por la presencia y por el trabajo que realizan de manera conjunta desde que fue intendente de Pocito.<\/p>\n<p>Luego, coment\u00f3 que los gobiernos que no apuestan a los chicos est\u00e1n equivocando el presente y dilapidando el futuro.<\/p>\n<p>\u00abEn San Juan el Poder Ejecutivo, Legislativo y Judicial tenemos un objetivo en com\u00fan que es generar igualdad de oportunidades para que la sociedad pueda palpar que nosotros aseguramos derechos\u00bb,\u00a0dijo el mandatario, quien agreg\u00f3 que \u00abtenemos muchas cosas por hacer y seguro seguiremos trabajando en conjunto, pero en definitiva es lo que ejemplifica lo que hacemos en la provincia\u00bb.<\/p>\n<p>U\u00f1ac indic\u00f3 que apostar por la Educaci\u00f3n es necesario, pero que debe complementarse con la pr\u00e1ctica deportiva. En ese sentido cont\u00f3 que\u00a0San Juan es la provincia que m\u00e1s invierte en el deporte.<\/p>\n<p>Para finalizar, puso en valor la inversi\u00f3n en materia de salud con el programa Mil D\u00edas, ampliado a Dos Mil D\u00edas, considerando que ya es un derecho que asegura la posibilidad de alimentarse y educarse sobre la alimentaci\u00f3n. \u00abEs un gran programa que asegura que la familia, ni\u00f1os y adolescentes puedan encontrar un camino de superaci\u00f3n\u00bb.<\/p>\n<p>A continuaci\u00f3n, Fabian Aballay se refiri\u00f3 al impacto que generan en la comunidad las colonias de verano y dijo que de mantenerse los actuales est\u00e1ndares podr\u00e1n volver a la presencialidad.<\/p>\n<p>Enumer\u00f3 las\u00a0\u00e1reas con las que se trabaja en pos de resolver las distintas situaciones vinculadas a ni\u00f1ez\u00a0como la L\u00ednea 102, Jardines de Cosecha, Centros de Desarrollo Infantil y trabajo con las residencias de ni\u00f1ez.<\/p>\n<p>Para finalizar cont\u00f3 que se trabajar\u00e1 para generar la conformaci\u00f3n del Consejo Provincial de Ni\u00f1ez y dio el ejemplo del Consejo Provincial de Mujer y Diversidad, que \u00abpermiti\u00f3 generar el \u00e1mbito para el di\u00e1logo, planteo de inquietudes, generaci\u00f3n de propuestas\u00bb.<\/p>\n<p>A su turno, Carlos Olivera habl\u00f3 sobre los distintos programas que lleva adelante la Direcci\u00f3n de Ni\u00f1ez y el impulso que les brind\u00f3 el gobernador para generar pol\u00edticas p\u00fablicas de ni\u00f1ez. \u00abLa gesti\u00f3n particular del gobernador nos motiv\u00f3 a que este decreto sea una realidad\u00bb, afirm\u00f3 Olivera.<\/p>\n<p>Respecto a la firma del convenio explic\u00f3 que les permite poner en la mesa la realidad que viven la ni\u00f1ez, adolescencia y familia de la provincia.<\/p>\n<p>Por su parte, Luongo agradeci\u00f3 el recibimiento en la provincia y evalu\u00f3 el duro a\u00f1o transcurrido en pandemia, ponderando que hoy se est\u00e9 ante una gran campa\u00f1a de vacunaci\u00f3n en el pa\u00eds que permite salir nuevamente al territorio.<\/p>\n<p>Adem\u00e1s, se refiri\u00f3 a la L\u00ednea 102 en San Juan como muy institucionalizada y destac\u00f3 que la Secretar\u00eda Nacional de Ni\u00f1ez, Adolescencia y Familia (SENAF) despleg\u00f3 una gran pol\u00edtica en este sentido para las provincias que no la ten\u00edan, dado que los ni\u00f1os y adolescentes no estaban yendo a la escuela y surgieron los problemas intrafamiliares, en los que este servicio tuvo un rol fundamental.<\/p>\n<p>Continuando, Luongo se refiri\u00f3 al Programa AUNAR, destinado a fortalecer instituciones y hogares para ni\u00f1os y adolescentes del pa\u00eds, \u201clo que se torn\u00f3 m\u00e1s dif\u00edcil en situaci\u00f3n de pandemia ante los ni\u00f1os que no tienen familia y que viven en hogares convivenciales. Es por eso que quiero felicitar a todos los responsables del \u00e1rea, nacional y provincial\u201d, dijo.<\/p>\n<p>Inmediatamente despu\u00e9s hizo alusi\u00f3n a la demanda de la conectividad para los hogares estatales y anunci\u00f3 la provisi\u00f3n de tablets para los ni\u00f1os y adolescentes de esos centros locales a trav\u00e9s de la iniciativa\u201d. Otros convenios que mencion\u00f3 el profesional destinados a la provincia estuvieron referidos al fortalecimiento del Instituto Nazario Benav\u00eddez, para las medidas de territorio; inauguraciones de zonas de crianza en el municipio de Rawson, entre otras. Finalmente, Luongo reiter\u00f3 su benepl\u00e1cito para con los responsables del trabajo realizado en San Juan en materia de ni\u00f1ez y adolescencia.<\/p>\n<p><span style=\"color: #339966;\"><strong>M\u00e1s sobre la Ley de Protecci\u00f3n integral de los derechos de ni\u00f1os y adolescentes de la provincia<\/strong><\/span><\/p>\n<p>Esta ley provincial, previamente acogida por ley 7338, del a\u00f1o 2002 y actualmente vigente en ley 727-C desde el a\u00f1o 2015, tiene por objeto la protecci\u00f3n integral de los derechos de todos los ni\u00f1os y adolescentes, que habiten o se encuentren circunstancialmente en San Juan.<\/p>\n<p>Entre sus art\u00edculos, instituye el Consejo Provincial para la Protecci\u00f3n Integral de la Ni\u00f1ez y Adolescencia, cre\u00e1ndose como \u00f3rgano consultivo y de asesoramiento en la planificaci\u00f3n de pol\u00edticas p\u00fablicas de Ni\u00f1ez y Adolescencia. Ello, con el objetivo principal de impulsar la participaci\u00f3n institucional de las organizaciones involucradas en esta tem\u00e1tica.<\/p>\n<p>En casi 20 a\u00f1os de historia de esta Ley, el Consejo Provincial nunca se hab\u00eda conformado y a nivel pa\u00eds, san Juan era una de las pocas provincias que no ten\u00edan un Consejo Provincial de Ni\u00f1ez.<\/p>\n<p>Nueve son los art\u00edculos que regulan a este Consejo Provincial para la Protecci\u00f3n integral de la Ni\u00f1ez y Adolescencia- tambi\u00e9n llamado Consejo Asesor- que se extienden a lo largo del art 65 a 74 inclusive.<\/p>\n<p>Estos art\u00edculos estaban \u201csuspendidos\u201d y fue labor de esta gesti\u00f3n rehabilitarlos, lograr que se sancionara una Ley para ponerlos en funcionamiento y a partir de ah\u00ed generar las bases para la conformaci\u00f3n del Consejo. El impulso y arduo trabajo para reactivar los mismos, constituye un importante avance en miras al mejoramiento de los Derechos amparados por nuestra Constituci\u00f3n Nacional, ley Nacional 26.061 y Convenci\u00f3n de los Derechos del Ni\u00f1o.<\/p>\n<p>Actualmente se est\u00e1 trabajando en conjunto con la Secretar\u00eda General de la Gobernaci\u00f3n, para la reglamentaci\u00f3n de estos 9 art\u00edculos.<\/p>\n<p>Es responsabilidad de este consejo, fortalecer el reconocimiento en la sociedad del ni\u00f1o y adolecente como sujetos activos de derechos, cuyos alcances y contenidos se fijar\u00e1n en el acta constitutiva, pero siempre respetando el fin \u00faltimo que es proteger a los m\u00e1s peque\u00f1os.-<\/p>\n<p>Este consejo estar\u00e1 presidido por el Director de la Direcci\u00f3n de Ni\u00f1ez, Adolescencia y Familia, perteneciente al Ministerio de Desarrollo Humano y Promoci\u00f3n Social; e integrado a su vez, por representantes de algunos Ministerios con injerencia en Ni\u00f1ez; por el presidente de la Comisi\u00f3n de Familia de la C\u00e1mara de Diputados y un representante del fuero de Familia y Ni\u00f1ez del Poder Judicial de la Provincia, designado por la Corte de Justicia de San Juan.<\/p>\n<p>Algunas de las funciones que tendr\u00e1 el Consejo para cumplir con el fin \u00faltimo ser\u00e1n Asesorar y proponer al Poder Ejecutivo, legislativo y Municipios las pol\u00edticas del \u00e1rea, Promover la creaci\u00f3n de ONG, incentivar la ejecuci\u00f3n de acciones en las instituciones tanto p\u00fablicas como privadas, promover la realizaci\u00f3n de congresos, realizar seguimientos y evaluar el cumplimiento de las pol\u00edticas p\u00fablicas referentes al ni\u00f1o y adolescente, elevar informes a los organismos Provinciales, Nacionales e Internacionales, entre otras muchas funciones que pondr\u00e1n \u00e9nfasis y un importante apoyo para continuar y reforzar el trabajo constante y tan importante en la protecci\u00f3n de los m\u00e1s vulnerables.<\/p>\n<p>&nbsp;<\/p>\n<p><iframe loading=\"lazy\" title=\"U\u00f1ac firm\u00f3 decreto para la Conformaci\u00f3n del Consejo Provincial Ni\u00f1ez y Adolescencia\" width=\"800\" height=\"450\" src=\"https:\/\/www.youtube.com\/embed\/vcI15hKcPdc?feature=oembed\" frameborder=\"0\" allow=\"accelerometer; autoplay; clipboard-write; encrypted-media; gyroscope; picture-in-picture\" allowfullscreen><\/iframe><\/p>\n","protected":false},"excerpt":{"rendered":"<p>El gobernador de San Juan, Dr. Sergio U\u00f1ac firm\u00f3 el decreto para la conformaci\u00f3n del Consejo Provincial para la Protecci\u00f3n<\/p>\n","protected":false},"author":3,"featured_media":42630,"comment_status":"closed","ping_status":"closed","sticky":false,"template":"","format":"video","meta":{"_acf_changed":false,"_seopress_robots_primary_cat":"none","_seopress_titles_title":"","_seopress_titles_desc":"","_seopress_robots_index":"","colormag_page_container_layout":"default_layout","colormag_page_sidebar_layout":"default_layout","footnotes":""},"categories":[1,7],"tags":[],"class_list":["post-42622","post","type-post","status-publish","format-video","has-post-thumbnail","hentry","category-destacadas","category-videos","post_format-post-format-video"],"acf":[],"_links":{"self":[{"href":"https:\/\/vocesparalelas.com.ar\/sitio\/wp-json\/wp\/v2\/posts\/42622","targetHints":{"allow":["GET"]}}],"collection":[{"href":"https:\/\/vocesparalelas.com.ar\/sitio\/wp-json\/wp\/v2\/posts"}],"about":[{"href":"https:\/\/vocesparalelas.com.ar\/sitio\/wp-json\/wp\/v2\/types\/post"}],"author":[{"embeddable":true,"href":"https:\/\/vocesparalelas.com.ar\/sitio\/wp-json\/wp\/v2\/users\/3"}],"replies":[{"embeddable":true,"href":"https:\/\/vocesparalelas.com.ar\/sitio\/wp-json\/wp\/v2\/comments?post=42622"}],"version-history":[{"count":1,"href":"https:\/\/vocesparalelas.com.ar\/sitio\/wp-json\/wp\/v2\/posts\/42622\/revisions"}],"predecessor-version":[{"id":42631,"href":"https:\/\/vocesparalelas.com.ar\/sitio\/wp-json\/wp\/v2\/posts\/42622\/revisions\/42631"}],"wp:featuredmedia":[{"embeddable":true,"href":"https:\/\/vocesparalelas.com.ar\/sitio\/wp-json\/wp\/v2\/media\/42630"}],"wp:attachment":[{"href":"https:\/\/vocesparalelas.com.ar\/sitio\/wp-json\/wp\/v2\/media?parent=42622"}],"wp:term":[{"taxonomy":"category","embeddable":true,"href":"https:\/\/vocesparalelas.com.ar\/sitio\/wp-json\/wp\/v2\/categories?post=42622"},{"taxonomy":"post_tag","embeddable":true,"href":"https:\/\/vocesparalelas.com.ar\/sitio\/wp-json\/wp\/v2\/tags?post=42622"}],"curies":[{"name":"wp","href":"https:\/\/api.w.org\/{rel}","templated":true}]}}