{"id":42611,"date":"2021-10-06T19:11:21","date_gmt":"2021-10-06T22:11:21","guid":{"rendered":"https:\/\/vocesparalelas.com.ar\/sitio\/?p=42611"},"modified":"2021-10-07T23:26:42","modified_gmt":"2021-10-08T02:26:42","slug":"7-edicion-del-programa-emprendedor-turistico-y-la-6-edicion-del-programa-emprendedor-cultural","status":"publish","type":"post","link":"https:\/\/vocesparalelas.com.ar\/sitio\/7-edicion-del-programa-emprendedor-turistico-y-la-6-edicion-del-programa-emprendedor-cultural\/","title":{"rendered":"7\u00b0 Edici\u00f3n del Programa Emprendedor Tur\u00edstico y la 6\u00b0 Edici\u00f3n del Programa Emprendedor Cultural"},"content":{"rendered":"<p>El Gobierno de San Juan, a trav\u00e9s del Ministerio de Turismo y Cultura, lanza la s\u00e9ptima edici\u00f3n del programa Emprendedor Tur\u00edstico y la sexta edici\u00f3n del programa Emprendedor Cultural, para seguir expandiendo la oferta laboral hacia nuevos sectores.<\/p>\n<p>Estos pr\u00e9stamos de honor est\u00e1n destinados a micro y medianos emprendedores del sector tur\u00edstico y cultural. La inversi\u00f3n total ronda los 30 millones de pesos para ambas \u00e1reas y la convocatoria comienza este 7 de octubre.<\/p>\n<p><strong><span style=\"color: #339966;\">VII edici\u00f3n Emprendedor Tur\u00edstico<\/span><\/strong><\/p>\n<p>El programa propone generar acciones e incorporar herramientas para el fomento y desarrollo del emprendedor tur\u00edstico sanjuanino. Adem\u00e1s, apunta a impulsar el desarrollo e implementar estrategias comerciales en las empresas vinculadas al sector.<\/p>\n<p>Para eso, est\u00e1n disponibles las l\u00edneas de Turismo gastron\u00f3mico y de alojamiento; Turismo aventura; Turismo astron\u00f3mico y\/ o cient\u00edfico; Eficiencia energ\u00e9tica; Innovaci\u00f3n tur\u00edstica, Bodegas tur\u00edsticas y establecimientos vinculados a la Ruta del Vino y Ruta del Olivo; Ecoturismo y Accesibilidad f\u00edsica y comunicacional.<\/p>\n<p>En cuanto al asesoramiento del programa se canaliza a trav\u00e9s de la Direcci\u00f3n de Desarrollo Tur\u00edstico ubicada en calle Sarmiento 24 Sur, en el edificio de la Secretar\u00eda de Turismo, de lunes a viernes de 9 a 14.<\/p>\n<p><strong><span style=\"color: #339966;\">VI edici\u00f3n Emprendedor Cultural<\/span><\/strong><\/p>\n<p>Se trata de una herramienta de financiamiento para el desarrollo y sostenibilidad de los trabajadores del \u00e1mbito cultural: artistas, productores, gestores, emprendedores y espacios del sector cultural.<\/p>\n<p>El programa cuenta con tres l\u00edneas: Emprendimientos culturales, Producciones culturales y Apoyo a espacios culturales.<\/p>\n<p>Las consultas se pueden realizar a trav\u00e9s de\u00a0<span id=\"cloak131ce0f04b8f9ac4d1b3f50f488379dc\"><a href=\"mailto:emprendeculturasj@gmail.com\">emprendeculturasj@gmail.com<\/a><\/span>\u00a0o en el Centro Cultural Conte Grand de lunes a viernes, de 9 a 13 hs.<\/p>\n<p>Para mayor informaci\u00f3n, el n\u00famero de contacto es 4201775.<\/p>\n<p><strong><span style=\"color: #339966;\">Inscripciones y m\u00e1s datos<\/span><\/strong><\/p>\n<p>Los interesados en participar de dichas l\u00edneas de financiamiento podr\u00e1n inscribirse desde este jueves 7 de octubre en el\u00a0sitio web de Capacitur, <a href=\"http:\/\/www.capacitur.sanjuan.tur.ar\/\">http:\/\/www.capacitur.sanjuan.tur.ar\/ <\/a>donde tambi\u00e9n estar\u00e1n disponibles las bases y condiciones. El plazo de inscripci\u00f3n se extiende hasta el 7 de Noviembre.<\/p>\n<p>Cabe mencionar, que los proyectos presentados en la \u00faltima edici\u00f3n del Emprendedor Tur\u00edstico VI y Emprendedor Cultural V, que no fueron beneficiados, ser\u00e1n tenidos en cuenta por el comit\u00e9 de evaluaci\u00f3n<\/p>\n<p>Por \u00faltimo, un dato importante a tener en cuenta es que el usuario que se registra en la plataforma Capacitur, deber\u00e1 ser el titular del proyecto a presentar.<\/p>\n","protected":false},"excerpt":{"rendered":"<p>El Gobierno de San Juan, a trav\u00e9s del Ministerio de Turismo y Cultura, lanza la s\u00e9ptima edici\u00f3n del programa Emprendedor<\/p>\n","protected":false},"author":3,"featured_media":42613,"comment_status":"closed","ping_status":"closed","sticky":false,"template":"","format":"standard","meta":{"_acf_changed":false,"_seopress_robots_primary_cat":"none","_seopress_titles_title":"","_seopress_titles_desc":"","_seopress_robots_index":"","colormag_page_container_layout":"default_layout","colormag_page_sidebar_layout":"default_layout","footnotes":""},"categories":[8],"tags":[],"class_list":["post-42611","post","type-post","status-publish","format-standard","has-post-thumbnail","hentry","category-concursos"],"acf":[],"_links":{"self":[{"href":"https:\/\/vocesparalelas.com.ar\/sitio\/wp-json\/wp\/v2\/posts\/42611","targetHints":{"allow":["GET"]}}],"collection":[{"href":"https:\/\/vocesparalelas.com.ar\/sitio\/wp-json\/wp\/v2\/posts"}],"about":[{"href":"https:\/\/vocesparalelas.com.ar\/sitio\/wp-json\/wp\/v2\/types\/post"}],"author":[{"embeddable":true,"href":"https:\/\/vocesparalelas.com.ar\/sitio\/wp-json\/wp\/v2\/users\/3"}],"replies":[{"embeddable":true,"href":"https:\/\/vocesparalelas.com.ar\/sitio\/wp-json\/wp\/v2\/comments?post=42611"}],"version-history":[{"count":1,"href":"https:\/\/vocesparalelas.com.ar\/sitio\/wp-json\/wp\/v2\/posts\/42611\/revisions"}],"predecessor-version":[{"id":42614,"href":"https:\/\/vocesparalelas.com.ar\/sitio\/wp-json\/wp\/v2\/posts\/42611\/revisions\/42614"}],"wp:featuredmedia":[{"embeddable":true,"href":"https:\/\/vocesparalelas.com.ar\/sitio\/wp-json\/wp\/v2\/media\/42613"}],"wp:attachment":[{"href":"https:\/\/vocesparalelas.com.ar\/sitio\/wp-json\/wp\/v2\/media?parent=42611"}],"wp:term":[{"taxonomy":"category","embeddable":true,"href":"https:\/\/vocesparalelas.com.ar\/sitio\/wp-json\/wp\/v2\/categories?post=42611"},{"taxonomy":"post_tag","embeddable":true,"href":"https:\/\/vocesparalelas.com.ar\/sitio\/wp-json\/wp\/v2\/tags?post=42611"}],"curies":[{"name":"wp","href":"https:\/\/api.w.org\/{rel}","templated":true}]}}