{"id":42606,"date":"2021-10-08T17:50:34","date_gmt":"2021-10-08T20:50:34","guid":{"rendered":"https:\/\/vocesparalelas.com.ar\/sitio\/?p=42606"},"modified":"2021-10-16T23:11:44","modified_gmt":"2021-10-17T02:11:44","slug":"jornada-rueda-de-capitalizacion-de-los-alumnos-emprendedores-de-san-juan","status":"publish","type":"post","link":"https:\/\/vocesparalelas.com.ar\/sitio\/jornada-rueda-de-capitalizacion-de-los-alumnos-emprendedores-de-san-juan\/","title":{"rendered":"Jornada \u201cRueda de Capitalizaci\u00f3n\u201d de los alumnos emprendedores de San Juan"},"content":{"rendered":"<p>A trav\u00e9s del programa Aprender a Emprender del m\u00f3dulo de emprededurismo del Plan de Capacitaci\u00f3n y Actualizaci\u00f3n Docente 2016-2023, se desarrolla la jornada \u201cRueda de Capitalizaci\u00f3n\u201d, el S\u00e1bado 16 de octubre de 10 a 13 horas, en la Peatonal, las 74 escuelas de los 19 departamentos de San Juan mostrar\u00e1n y comercializar\u00e1n los productos realizados en el marco del programa..<\/p>\n<p>Los alumnos a lo largo del a\u00f1o trabajaron en la creaci\u00f3n de una compa\u00f1\u00eda para establecer un producto o servicio, un plan de negocio, su proceso de elaboraci\u00f3n, el estudio de mercado, comercializaci\u00f3n y distribuci\u00f3n, aspectos fundamentales para atraer potenciales inversores.<\/p>\n<p>El S\u00e1bado, 16 de Octubre, de 10 a 13 horas, en la Peatonal, las 74 escuelas de los 19 departamentos de San Juan mostrar\u00e1n y comercializar\u00e1n los productos realizados en el marco del programa.<\/p>\n<p>Productos y servicios ideados por los alumnos, quienes en sus diferentes roles, desarrollaron las actividades propias de una empresa, sorteando obst\u00e1culos hasta llegar a la comercializaci\u00f3n de sus creaciones.<\/p>\n<p>Con una marcada conciencia sobre la inclusi\u00f3n, el cuidado y protecci\u00f3n del medio ambiente, el p\u00fablico podr\u00e1 encontrar productos y servicios que apelan al uso de materiales reciclados, servicios de asesoramiento y muchos otros proyectos innovadores, creados por los estudiantes.<\/p>\n","protected":false},"excerpt":{"rendered":"<p>A trav\u00e9s del programa Aprender a Emprender del m\u00f3dulo de emprededurismo del Plan de Capacitaci\u00f3n y Actualizaci\u00f3n Docente 2016-2023, se<\/p>\n","protected":false},"author":3,"featured_media":14892,"comment_status":"closed","ping_status":"closed","sticky":false,"template":"","format":"standard","meta":{"_acf_changed":false,"_seopress_robots_primary_cat":"none","_seopress_titles_title":"","_seopress_titles_desc":"","_seopress_robots_index":"","colormag_page_container_layout":"default_layout","colormag_page_sidebar_layout":"default_layout","footnotes":""},"categories":[1],"tags":[],"class_list":["post-42606","post","type-post","status-publish","format-standard","has-post-thumbnail","hentry","category-destacadas"],"acf":[],"_links":{"self":[{"href":"https:\/\/vocesparalelas.com.ar\/sitio\/wp-json\/wp\/v2\/posts\/42606","targetHints":{"allow":["GET"]}}],"collection":[{"href":"https:\/\/vocesparalelas.com.ar\/sitio\/wp-json\/wp\/v2\/posts"}],"about":[{"href":"https:\/\/vocesparalelas.com.ar\/sitio\/wp-json\/wp\/v2\/types\/post"}],"author":[{"embeddable":true,"href":"https:\/\/vocesparalelas.com.ar\/sitio\/wp-json\/wp\/v2\/users\/3"}],"replies":[{"embeddable":true,"href":"https:\/\/vocesparalelas.com.ar\/sitio\/wp-json\/wp\/v2\/comments?post=42606"}],"version-history":[{"count":4,"href":"https:\/\/vocesparalelas.com.ar\/sitio\/wp-json\/wp\/v2\/posts\/42606\/revisions"}],"predecessor-version":[{"id":42856,"href":"https:\/\/vocesparalelas.com.ar\/sitio\/wp-json\/wp\/v2\/posts\/42606\/revisions\/42856"}],"wp:featuredmedia":[{"embeddable":true,"href":"https:\/\/vocesparalelas.com.ar\/sitio\/wp-json\/wp\/v2\/media\/14892"}],"wp:attachment":[{"href":"https:\/\/vocesparalelas.com.ar\/sitio\/wp-json\/wp\/v2\/media?parent=42606"}],"wp:term":[{"taxonomy":"category","embeddable":true,"href":"https:\/\/vocesparalelas.com.ar\/sitio\/wp-json\/wp\/v2\/categories?post=42606"},{"taxonomy":"post_tag","embeddable":true,"href":"https:\/\/vocesparalelas.com.ar\/sitio\/wp-json\/wp\/v2\/tags?post=42606"}],"curies":[{"name":"wp","href":"https:\/\/api.w.org\/{rel}","templated":true}]}}