{"id":42521,"date":"2021-10-03T20:54:09","date_gmt":"2021-10-03T23:54:09","guid":{"rendered":"https:\/\/vocesparalelas.com.ar\/sitio\/?p=42521"},"modified":"2021-10-03T20:58:50","modified_gmt":"2021-10-03T23:58:50","slug":"encuestas-sobre-tecnicaturas-en-gestion-de-la-produccion-en-san-juan","status":"publish","type":"post","link":"https:\/\/vocesparalelas.com.ar\/sitio\/encuestas-sobre-tecnicaturas-en-gestion-de-la-produccion-en-san-juan\/","title":{"rendered":"Encuestas sobre Tecnicaturas en gesti\u00f3n de la producci\u00f3n en San Juan"},"content":{"rendered":"<p>Los integrantes de los equipos de desarrollo curricular de las direcciones de Educaci\u00f3n Superior y Educaci\u00f3n Privada del Ministerio de Educaci\u00f3n del Gobierno de San Juan, para implementar una encuesta dirigida a estudiantes, egresados y docentes, con el objetivo de recolectar informaci\u00f3n para la actualizaci\u00f3n de los dise\u00f1os curriculares de las tecnicaturas en gesti\u00f3n de la producci\u00f3n: Agropecuaria, Agroindustrial y en Desarrollo de Software.<\/p>\n<p>Estos cuestionarios recopilar\u00e1n informaci\u00f3n y datos, para actualizar los espacios curriculares, las pr\u00e1cticas profesionalizantes, inserci\u00f3n laboral, necesidades de empresas e instituciones, dificultades que los estudiantes tienen en el transcurso de su carrera, esto permitir\u00e1 dise\u00f1ar nuevos perfiles de las carreras y satisfacer las demandas laborales.<\/p>\n<p>Estas carreras se cursan en establecimientos educativos ubicados en Valle F\u00e9rtil, Ullum, Caucete, J\u00e1chal, Angaco, Sarmiento y Capital, es por ello que se promueve la formaci\u00f3n de recursos humanos que gestione los principales medios naturales y crecimiento tecnol\u00f3gico de la provincia.<\/p>\n<p>El prop\u00f3sito de este proceso es actualizar los planes de estudios de las carreras, para acompa\u00f1ar los nuevos desaf\u00edos que tienen estos profesionales y que son requeridos por el campo socio-productivo de la regi\u00f3n y del mundo. Dando respuestas as\u00ed a los diferentes avances tecnol\u00f3gicos que el mercado laboral demanda de estos expertos.<\/p>\n<p>&nbsp;<\/p>\n<p>&nbsp;<\/p>\n","protected":false},"excerpt":{"rendered":"<p>Los integrantes de los equipos de desarrollo curricular de las direcciones de Educaci\u00f3n Superior y Educaci\u00f3n Privada del Ministerio de<\/p>\n","protected":false},"author":3,"featured_media":35071,"comment_status":"closed","ping_status":"closed","sticky":false,"template":"","format":"standard","meta":{"_acf_changed":false,"_seopress_robots_primary_cat":"none","_seopress_titles_title":"","_seopress_titles_desc":"","_seopress_robots_index":"","colormag_page_container_layout":"default_layout","colormag_page_sidebar_layout":"default_layout","footnotes":""},"categories":[1],"tags":[],"class_list":["post-42521","post","type-post","status-publish","format-standard","has-post-thumbnail","hentry","category-destacadas"],"acf":[],"_links":{"self":[{"href":"https:\/\/vocesparalelas.com.ar\/sitio\/wp-json\/wp\/v2\/posts\/42521","targetHints":{"allow":["GET"]}}],"collection":[{"href":"https:\/\/vocesparalelas.com.ar\/sitio\/wp-json\/wp\/v2\/posts"}],"about":[{"href":"https:\/\/vocesparalelas.com.ar\/sitio\/wp-json\/wp\/v2\/types\/post"}],"author":[{"embeddable":true,"href":"https:\/\/vocesparalelas.com.ar\/sitio\/wp-json\/wp\/v2\/users\/3"}],"replies":[{"embeddable":true,"href":"https:\/\/vocesparalelas.com.ar\/sitio\/wp-json\/wp\/v2\/comments?post=42521"}],"version-history":[{"count":1,"href":"https:\/\/vocesparalelas.com.ar\/sitio\/wp-json\/wp\/v2\/posts\/42521\/revisions"}],"predecessor-version":[{"id":42523,"href":"https:\/\/vocesparalelas.com.ar\/sitio\/wp-json\/wp\/v2\/posts\/42521\/revisions\/42523"}],"wp:featuredmedia":[{"embeddable":true,"href":"https:\/\/vocesparalelas.com.ar\/sitio\/wp-json\/wp\/v2\/media\/35071"}],"wp:attachment":[{"href":"https:\/\/vocesparalelas.com.ar\/sitio\/wp-json\/wp\/v2\/media?parent=42521"}],"wp:term":[{"taxonomy":"category","embeddable":true,"href":"https:\/\/vocesparalelas.com.ar\/sitio\/wp-json\/wp\/v2\/categories?post=42521"},{"taxonomy":"post_tag","embeddable":true,"href":"https:\/\/vocesparalelas.com.ar\/sitio\/wp-json\/wp\/v2\/tags?post=42521"}],"curies":[{"name":"wp","href":"https:\/\/api.w.org\/{rel}","templated":true}]}}