{"id":42481,"date":"2021-10-01T20:04:10","date_gmt":"2021-10-01T23:04:10","guid":{"rendered":"https:\/\/vocesparalelas.com.ar\/sitio\/?p=42481"},"modified":"2021-10-03T22:07:16","modified_gmt":"2021-10-04T01:07:16","slug":"concurso-contanos-la-historia-de-tu-centro-de-jubilados","status":"publish","type":"post","link":"https:\/\/vocesparalelas.com.ar\/sitio\/concurso-contanos-la-historia-de-tu-centro-de-jubilados\/","title":{"rendered":"Concurso \u201cContanos la historia de tu Centro de Jubilados\u201d"},"content":{"rendered":"<p>Desde 1990, la Organizaci\u00f3n Mundial de las Naciones Unidas (ONU) declar\u00f3 el 1 de octubre como el \u201cD\u00eda Internacional de la Personas Mayores\u201d. Este d\u00eda tiene por objetivo generar conciencia en la poblaci\u00f3n sobre los derechos y la importancia que tienen dentro de la sociedad, asimismo garantizando un envejecimiento activo, saludable y con calidad de vida.<\/p>\n<p>En este marco, el Ministerio de Desarrollo Humano y Promoci\u00f3n Social, a trav\u00e9s de la Direcci\u00f3n de Pol\u00edticas para Personas Mayores lanz\u00f3 un concurso dirigido a todos los Centros de Jubilados de San Juan a trav\u00e9s de Facebook denominado \u201cContanos la historia de tu Centro de Jubilados\u201d.<\/p>\n<p>La idea es motivar e incentivar din\u00e1micas sanas de expresi\u00f3n, buscando que tomen un rol activo mediante una rese\u00f1a contando la historia de cada Centro participante. A trav\u00e9s de esto, se busca generar un espacio cultural, donde los adultos mayores puedan expresar sus habilidades, estimulando as\u00ed su creatividad en la escritura.<\/p>\n<p>Los interesados en participar deber\u00e1n elegir una foto de los inicios y otra fotograf\u00eda actual y del grupo de cada Centro de Jubilados, adem\u00e1s, hacer una rese\u00f1a que contenga:<\/p>\n<ul>\n<li>Fecha de inicio del Centro de Jubilados<\/li>\n<li>\u00bfCu\u00e1ntos afiliados tienen?<\/li>\n<li>\u00bfQui\u00e9nes integraron la primera comisi\u00f3n?<\/li>\n<li>Destacar (ballet, actividades recreativas, etc.)<\/li>\n<\/ul>\n<p>Todo este material debe enviarse por mensaje privado a la Fan Page (Facebook) de la Direcci\u00f3n de Pol\u00edticas para las Personas Mayores, tiendo como plazo hasta el 13 de Octubre inclusive. Una vez publicado en la red social, el Centro de Jubilados que obtenga m\u00e1s Me gustas, tiene m\u00e1s chances de ganar el sorteo, donde se participa por elementos de uso para dichos Centros como equipamientos de cocina, de salas y otros.<\/p>\n<p><img loading=\"lazy\" decoding=\"async\" class=\"alignnone wp-image-42484 size-full\" src=\"https:\/\/vocesparalelas.com.ar\/sitio\/wp-content\/uploads\/2021\/10\/CONCURSO-JUBILADOS.jpg\" alt=\"\" width=\"782\" height=\"447\" srcset=\"https:\/\/vocesparalelas.com.ar\/sitio\/wp-content\/uploads\/2021\/10\/CONCURSO-JUBILADOS.jpg 782w, https:\/\/vocesparalelas.com.ar\/sitio\/wp-content\/uploads\/2021\/10\/CONCURSO-JUBILADOS-300x171.jpg 300w, https:\/\/vocesparalelas.com.ar\/sitio\/wp-content\/uploads\/2021\/10\/CONCURSO-JUBILADOS-768x439.jpg 768w\" sizes=\"auto, (max-width: 782px) 100vw, 782px\" \/><\/p>\n","protected":false},"excerpt":{"rendered":"<p>Desde 1990, la Organizaci\u00f3n Mundial de las Naciones Unidas (ONU) declar\u00f3 el 1 de octubre como el \u201cD\u00eda Internacional de<\/p>\n","protected":false},"author":3,"featured_media":42483,"comment_status":"closed","ping_status":"closed","sticky":false,"template":"","format":"standard","meta":{"_acf_changed":false,"_seopress_robots_primary_cat":"none","_seopress_titles_title":"","_seopress_titles_desc":"","_seopress_robots_index":"","colormag_page_container_layout":"default_layout","colormag_page_sidebar_layout":"default_layout","footnotes":""},"categories":[8],"tags":[],"class_list":["post-42481","post","type-post","status-publish","format-standard","has-post-thumbnail","hentry","category-concursos"],"acf":[],"_links":{"self":[{"href":"https:\/\/vocesparalelas.com.ar\/sitio\/wp-json\/wp\/v2\/posts\/42481","targetHints":{"allow":["GET"]}}],"collection":[{"href":"https:\/\/vocesparalelas.com.ar\/sitio\/wp-json\/wp\/v2\/posts"}],"about":[{"href":"https:\/\/vocesparalelas.com.ar\/sitio\/wp-json\/wp\/v2\/types\/post"}],"author":[{"embeddable":true,"href":"https:\/\/vocesparalelas.com.ar\/sitio\/wp-json\/wp\/v2\/users\/3"}],"replies":[{"embeddable":true,"href":"https:\/\/vocesparalelas.com.ar\/sitio\/wp-json\/wp\/v2\/comments?post=42481"}],"version-history":[{"count":1,"href":"https:\/\/vocesparalelas.com.ar\/sitio\/wp-json\/wp\/v2\/posts\/42481\/revisions"}],"predecessor-version":[{"id":42485,"href":"https:\/\/vocesparalelas.com.ar\/sitio\/wp-json\/wp\/v2\/posts\/42481\/revisions\/42485"}],"wp:featuredmedia":[{"embeddable":true,"href":"https:\/\/vocesparalelas.com.ar\/sitio\/wp-json\/wp\/v2\/media\/42483"}],"wp:attachment":[{"href":"https:\/\/vocesparalelas.com.ar\/sitio\/wp-json\/wp\/v2\/media?parent=42481"}],"wp:term":[{"taxonomy":"category","embeddable":true,"href":"https:\/\/vocesparalelas.com.ar\/sitio\/wp-json\/wp\/v2\/categories?post=42481"},{"taxonomy":"post_tag","embeddable":true,"href":"https:\/\/vocesparalelas.com.ar\/sitio\/wp-json\/wp\/v2\/tags?post=42481"}],"curies":[{"name":"wp","href":"https:\/\/api.w.org\/{rel}","templated":true}]}}