{"id":42423,"date":"2021-10-01T01:30:02","date_gmt":"2021-10-01T04:30:02","guid":{"rendered":"https:\/\/vocesparalelas.com.ar\/sitio\/?p=42423"},"modified":"2021-10-01T01:30:02","modified_gmt":"2021-10-01T04:30:02","slug":"firmaron-el-acuerdo-paris-para-implementar-acciones-de-lucha-contra-el-sida","status":"publish","type":"post","link":"https:\/\/vocesparalelas.com.ar\/sitio\/firmaron-el-acuerdo-paris-para-implementar-acciones-de-lucha-contra-el-sida\/","title":{"rendered":"Firmaron el Acuerdo Paris para implementar acciones de lucha contra el SIDA"},"content":{"rendered":"<div class=\"itemFullText jbintrotext\">\n<p>En el marco del desarrollo de la Jornada sobre la implementaci\u00f3n de los Programas Municipales de VIH, fue llevada a cabo la firma del Acuerdo Par\u00eds entre el Programa Conjunto de las Naciones Unidas sobre el VIH\/SIDA &#8211; ONUSIDA &#8211; y los intendentes municipales de la Ciudad de San Juan, Santa Luc\u00eda y Chimbas.<\/p>\n<p>El objetivo es comprometer a las diferentes \u00e1reas municipales de la provincia generando acciones aceleradas para poner fin a la epidemia del SIDA.<\/p>\n<\/div>\n<div class=\"itemFullText\">\n<p>La ceremonia fue cumplida en la Sala de Vicegobernadores del edificio Legislativo y cont\u00f3 con la presencia del director Par\u00eds ONUSIDA para el ConoSur, Dr. Alberto Stella; la ministro de Salud P\u00fablica del Gobierno de San Juan, Dra. Alejandra Venerando; los intendentes de los municipios de la Ciudad de San Juan, Dr. Emilio Baistrocchi, de Santa Luc\u00eda, CPN Juan Jos\u00e9 Orrego y de Chimbas, Fabi\u00e1n Gramajo.<\/p>\n<p><img loading=\"lazy\" decoding=\"async\" class=\"alignnone wp-image-42354 size-full\" src=\"https:\/\/vocesparalelas.com.ar\/sitio\/wp-content\/uploads\/2021\/09\/SALUD-03.jpg\" alt=\"\" width=\"800\" height=\"533\" srcset=\"https:\/\/vocesparalelas.com.ar\/sitio\/wp-content\/uploads\/2021\/09\/SALUD-03.jpg 800w, https:\/\/vocesparalelas.com.ar\/sitio\/wp-content\/uploads\/2021\/09\/SALUD-03-300x200.jpg 300w, https:\/\/vocesparalelas.com.ar\/sitio\/wp-content\/uploads\/2021\/09\/SALUD-03-768x512.jpg 768w\" sizes=\"auto, (max-width: 800px) 100vw, 800px\" \/><\/p>\n<p><img loading=\"lazy\" decoding=\"async\" class=\"alignnone wp-image-42355 size-full\" src=\"https:\/\/vocesparalelas.com.ar\/sitio\/wp-content\/uploads\/2021\/09\/SALUD-04.jpg\" alt=\"\" width=\"800\" height=\"533\" srcset=\"https:\/\/vocesparalelas.com.ar\/sitio\/wp-content\/uploads\/2021\/09\/SALUD-04.jpg 800w, https:\/\/vocesparalelas.com.ar\/sitio\/wp-content\/uploads\/2021\/09\/SALUD-04-300x200.jpg 300w, https:\/\/vocesparalelas.com.ar\/sitio\/wp-content\/uploads\/2021\/09\/SALUD-04-768x512.jpg 768w\" sizes=\"auto, (max-width: 800px) 100vw, 800px\" \/><\/p>\n<p><img loading=\"lazy\" decoding=\"async\" class=\"alignnone wp-image-42353 size-full\" src=\"https:\/\/vocesparalelas.com.ar\/sitio\/wp-content\/uploads\/2021\/09\/SALUD-02.jpg\" alt=\"\" width=\"800\" height=\"533\" srcset=\"https:\/\/vocesparalelas.com.ar\/sitio\/wp-content\/uploads\/2021\/09\/SALUD-02.jpg 800w, https:\/\/vocesparalelas.com.ar\/sitio\/wp-content\/uploads\/2021\/09\/SALUD-02-300x200.jpg 300w, https:\/\/vocesparalelas.com.ar\/sitio\/wp-content\/uploads\/2021\/09\/SALUD-02-768x512.jpg 768w\" sizes=\"auto, (max-width: 800px) 100vw, 800px\" \/><\/p>\n<p>Durante el acto de cierre, dedicaron unas palabras de agradecimiento cada uno de los intendentes involucrados en el acuerdo.<\/p>\n<p>El intendente de la Ciudad de San Juan, Dr. Emilio Baistrocchi, manifest\u00f3 el fortalecimiento del centro de Salud municipal.<\/p>\n<p><iframe loading=\"lazy\" title=\"SALUD\" width=\"800\" height=\"450\" src=\"https:\/\/www.youtube.com\/embed\/u-vSRcYJeoQ?feature=oembed\" frameborder=\"0\" allow=\"accelerometer; autoplay; clipboard-write; encrypted-media; gyroscope; picture-in-picture\" allowfullscreen><\/iframe><\/p>\n<p>Posteriormente, el intendente de Chimbas, Fabi\u00e1n Gramajo, remarc\u00f3 que estos convenios permiten ampliar el servicio de salud municipal en beneficio de la comunidad.<\/p>\n<p><iframe loading=\"lazy\" title=\"SALUD\" width=\"800\" height=\"450\" src=\"https:\/\/www.youtube.com\/embed\/1ET0yHeacL8?feature=oembed\" frameborder=\"0\" allow=\"accelerometer; autoplay; clipboard-write; encrypted-media; gyroscope; picture-in-picture\" allowfullscreen><\/iframe><\/p>\n<p>Seguidamente, el intendente de la municipalidad de Santa Luc\u00eda, CPN Juan Jos\u00e9 Orrego agradeci\u00f3 la firma del convenio que es una forma de poner a la poblaci\u00f3n otras miradas de la salud municipal.<\/p>\n<p><iframe loading=\"lazy\" title=\"SALUD\" width=\"800\" height=\"450\" src=\"https:\/\/www.youtube.com\/embed\/8o1HVhiCGuk?feature=oembed\" frameborder=\"0\" allow=\"accelerometer; autoplay; clipboard-write; encrypted-media; gyroscope; picture-in-picture\" allowfullscreen><\/iframe><\/p>\n<p>Luego, habl\u00f3 el director Par\u00eds ONUSIDA para el ConoSur, Alberto Stella, quien expres\u00f3 que \u201cla respuesta al VIH sigue siendo para nosotros extremamente importante, sigue siendo una plataforma vigente hoy m\u00e1s que nunca, para mover esa agenda hacia adelante. Para poner el ojo sobre los m\u00e1s vulnerables, porque es a ellos a quienes nos debemos como instituciones, como Estado que debe garantizar un piso de dignidad por el debajo del cual no haya ning\u00fan ciudadano\u201d.<\/p>\n<p><iframe loading=\"lazy\" title=\"SALUD\" width=\"800\" height=\"450\" src=\"https:\/\/www.youtube.com\/embed\/hf_D1M5NGqI?feature=oembed\" frameborder=\"0\" allow=\"accelerometer; autoplay; clipboard-write; encrypted-media; gyroscope; picture-in-picture\" allowfullscreen><\/iframe><\/p>\n<p>&nbsp;<\/p>\n<p>Por \u00faltimo, la ministra de Salud P\u00fablica del Gobierno de San Juan, Dra. Alejandra Venerando sostuvo que \u201cdesde el Ministerio mi agradecimiento, no solo por la firma de este convenio sino porque estoy convencida de que van a generar este compromiso verdadero, de que vamos a seguir trabajando articuladamente como lo ha pedido el gobernador de la provincia, porque los recursos est\u00e1n, la decisi\u00f3n pol\u00edtica est\u00e1, el apoyo del gobierno est\u00e1 presente. Solo nos falta seguir adelante con cada equipo, con la territorialidad que tiene cada uno de ustedes, con ese acompa\u00f1amiento, porque ustedes los municipios son el term\u00f3metro de la sensibilidad de la gente de cada comunidad. Nosotros estamos para ayudar a cumplir esas pol\u00edticas de acceso a la salud que tanto lo necesitamos\u201d.<\/p>\n<p><iframe loading=\"lazy\" title=\"SALUD\" width=\"800\" height=\"450\" src=\"https:\/\/www.youtube.com\/embed\/pIUY21Q2gTw?feature=oembed\" frameborder=\"0\" allow=\"accelerometer; autoplay; clipboard-write; encrypted-media; gyroscope; picture-in-picture\" allowfullscreen><\/iframe><\/p>\n<p><img loading=\"lazy\" decoding=\"async\" class=\"alignnone wp-image-42356 size-full\" src=\"https:\/\/vocesparalelas.com.ar\/sitio\/wp-content\/uploads\/2021\/09\/SALUD-06.jpg\" alt=\"\" width=\"800\" height=\"533\" srcset=\"https:\/\/vocesparalelas.com.ar\/sitio\/wp-content\/uploads\/2021\/09\/SALUD-06.jpg 800w, https:\/\/vocesparalelas.com.ar\/sitio\/wp-content\/uploads\/2021\/09\/SALUD-06-300x200.jpg 300w, https:\/\/vocesparalelas.com.ar\/sitio\/wp-content\/uploads\/2021\/09\/SALUD-06-768x512.jpg 768w\" sizes=\"auto, (max-width: 800px) 100vw, 800px\" \/><\/p>\n<h3><strong>Detalles de la Jornada<\/strong><\/h3>\n<p>La actividad arranc\u00f3 a las 9 de la ma\u00f1ana en la sala de Vicegobernadores de la C\u00e1mara de Diputados. Participaron responsables del Programa Municipio Saludable y del \u00c1rea de Salud de cada departamento de la provincia: Santa Luc\u00eda, Capital, 9 de Julio, Chimbas, Angaco, Valle F\u00e9rtil, Caucete, 25 de Mayo, San Mart\u00edn, J\u00e1chal, Iglesia, Albard\u00f3n, Zonda, Ull\u00fam, Rivadavia, Calingasta, Sarmiento, Pocito y Rawson. El equipo t\u00e9cnico del Programa Provincial de SIDA, Infecciones de Trasmisi\u00f3n Sexual (ITS) y Hepatitis Virales y del Programa Municipio Saludable, Ministerio de Salud de San Juan.<\/p>\n<p>La presentaci\u00f3n de la situaci\u00f3n local de VIH e ITS estuvo a cargo de la jefa del Programa SIDA, ITS y Hepatitis Virales, licenciada Victoria Sain, del Ministerio de Salud de San Juan.<\/p>\n<p>Por otro lado, la introducci\u00f3n del Programa Municipal de VHI e ITS, fue realizada por la licenciada Julia Recchi. En cuanto a la presentaci\u00f3n sobre la propuesta de ONUSIDA del nuevo Plan Estrat\u00e9gico: Prevenci\u00f3n Combinada, fue llevada a cabo por el consultor para el ONUSIDA, doctor Sergio Maulen.<\/p>\n<p>Finalizadas las exposiciones de los especialistas, hubo un espacio de trabajo y puesta en com\u00fan entre los asistentes a la jornada. La actividad culmin\u00f3 con la firma del Acuerdo Par\u00eds.<\/p>\n<\/div>\n","protected":false},"excerpt":{"rendered":"<p>En el marco del desarrollo de la Jornada sobre la implementaci\u00f3n de los Programas Municipales de VIH, fue llevada a<\/p>\n","protected":false},"author":3,"featured_media":42352,"comment_status":"closed","ping_status":"closed","sticky":false,"template":"","format":"video","meta":{"_acf_changed":false,"_seopress_robots_primary_cat":"none","_seopress_titles_title":"","_seopress_titles_desc":"","_seopress_robots_index":"","colormag_page_container_layout":"default_layout","colormag_page_sidebar_layout":"default_layout","footnotes":""},"categories":[1,7],"tags":[],"class_list":["post-42423","post","type-post","status-publish","format-video","has-post-thumbnail","hentry","category-destacadas","category-videos","post_format-post-format-video"],"acf":[],"_links":{"self":[{"href":"https:\/\/vocesparalelas.com.ar\/sitio\/wp-json\/wp\/v2\/posts\/42423","targetHints":{"allow":["GET"]}}],"collection":[{"href":"https:\/\/vocesparalelas.com.ar\/sitio\/wp-json\/wp\/v2\/posts"}],"about":[{"href":"https:\/\/vocesparalelas.com.ar\/sitio\/wp-json\/wp\/v2\/types\/post"}],"author":[{"embeddable":true,"href":"https:\/\/vocesparalelas.com.ar\/sitio\/wp-json\/wp\/v2\/users\/3"}],"replies":[{"embeddable":true,"href":"https:\/\/vocesparalelas.com.ar\/sitio\/wp-json\/wp\/v2\/comments?post=42423"}],"version-history":[{"count":1,"href":"https:\/\/vocesparalelas.com.ar\/sitio\/wp-json\/wp\/v2\/posts\/42423\/revisions"}],"predecessor-version":[{"id":42425,"href":"https:\/\/vocesparalelas.com.ar\/sitio\/wp-json\/wp\/v2\/posts\/42423\/revisions\/42425"}],"wp:featuredmedia":[{"embeddable":true,"href":"https:\/\/vocesparalelas.com.ar\/sitio\/wp-json\/wp\/v2\/media\/42352"}],"wp:attachment":[{"href":"https:\/\/vocesparalelas.com.ar\/sitio\/wp-json\/wp\/v2\/media?parent=42423"}],"wp:term":[{"taxonomy":"category","embeddable":true,"href":"https:\/\/vocesparalelas.com.ar\/sitio\/wp-json\/wp\/v2\/categories?post=42423"},{"taxonomy":"post_tag","embeddable":true,"href":"https:\/\/vocesparalelas.com.ar\/sitio\/wp-json\/wp\/v2\/tags?post=42423"}],"curies":[{"name":"wp","href":"https:\/\/api.w.org\/{rel}","templated":true}]}}