{"id":42413,"date":"2021-09-30T22:47:17","date_gmt":"2021-10-01T01:47:17","guid":{"rendered":"https:\/\/vocesparalelas.com.ar\/sitio\/?p=42413"},"modified":"2021-10-01T02:09:08","modified_gmt":"2021-10-01T05:09:08","slug":"reconocimiento-por-la-trayectoria-laboral-a-empleados-y-jubilados-legislativos-de-san-juan","status":"publish","type":"post","link":"https:\/\/vocesparalelas.com.ar\/sitio\/reconocimiento-por-la-trayectoria-laboral-a-empleados-y-jubilados-legislativos-de-san-juan\/","title":{"rendered":"Reconocimiento por la trayectoria laboral a empleados y jubilados legislativos de San Juan"},"content":{"rendered":"<div class=\"itemFullText jbintrotext\">\n<p>El homenaje consisti\u00f3 en un reconocimiento al personal de la Legislatura que cumpli\u00f3 los 25 a\u00f1os de servicio y quienes accedieron en el \u00faltimo a\u00f1o al beneficio de la jubilaci\u00f3n del Sistema Integrado Previsional Argentino.<\/p>\n<\/div>\n<div class=\"itemFullText\">\n<p>El acto fue cumplido en la galer\u00eda del Hall central del edificio Legislativo y estuvo encabezado por el vicepresidente primero de la C\u00e1mara de Diputados, legislador Eduardo Cabello. Particip\u00f3 tambi\u00e9n el secretario Administrativo, Lic. Roberto Iglesias; la diputada Dra. Celina Ramella; y el secretario general de la Asociaci\u00f3n del Personal Legislativo (A.Pe.L.), Sergio Peralta.<\/p>\n<p>En la ocasi\u00f3n, fueron distinguidos por la trayectoria de 25 a\u00f1os, los agentes Jorge Fern\u00e1ndez y Edgar Zavall. Y por la jubilaci\u00f3n: Orlando Rodr\u00edguez, Dora Echegaray, Ra\u00fal P\u00e9rez, Aldo Graffigna, y Mar\u00eda S\u00e1nchez.<\/p>\n<p>Durante la ceremonia, el diputado Eduardo Cabello expres\u00f3 su agradecimiento a los distinguidos y se\u00f1al\u00f3 \u201cel gran valor que tienen y que destacan a trav\u00e9s de esta C\u00e1mara que funciona con el aporte que ustedes han realizado y realizan d\u00eda a d\u00eda. Ustedes son una parte esencial para que este Poder del Estado camine hacia adelante. Nosotros podemos estar cuatro a\u00f1os ac\u00e1, a veces un poco m\u00e1s, pero ustedes hacen que esta Casa tenga el valor social y moral que necesita esta provincia\u201d.<\/p>\n<p>Asimismo, transmiti\u00f3 los saludos afectuosos por parte del vicegobernador CPN Roberto Gattoni y sostuvo que \u201cel presidente de la C\u00e1mara est\u00e1 tan alegre y tan agradecido de saber que tenemos trabajadores y trabajadoras que ponen lo mejor de sus intenciones. Felicitaciones y agradecerles tambi\u00e9n porque nos acompa\u00f1an hasta con un consejo de lo que no sabemos, siempre han estado dispuestos a darnos una mano y ayudarnos. Este reconocimiento lo tienen s\u00faper merecido\u201d.<\/p>\n<p>Para finalizar, fue realizada la entrega de diplomas y obsequios por parte de las autoridades de la C\u00e1mara de Diputados y A.Pe.L.<\/p>\n<\/div>\n<p>&nbsp;<\/p>\n<p>&nbsp;<\/p>\n","protected":false},"excerpt":{"rendered":"<p>El homenaje consisti\u00f3 en un reconocimiento al personal de la Legislatura que cumpli\u00f3 los 25 a\u00f1os de servicio y quienes<\/p>\n","protected":false},"author":3,"featured_media":42450,"comment_status":"closed","ping_status":"closed","sticky":false,"template":"","format":"standard","meta":{"_acf_changed":false,"_seopress_robots_primary_cat":"none","_seopress_titles_title":"","_seopress_titles_desc":"","_seopress_robots_index":"","colormag_page_container_layout":"default_layout","colormag_page_sidebar_layout":"default_layout","footnotes":""},"categories":[1],"tags":[],"class_list":["post-42413","post","type-post","status-publish","format-standard","has-post-thumbnail","hentry","category-destacadas"],"acf":[],"_links":{"self":[{"href":"https:\/\/vocesparalelas.com.ar\/sitio\/wp-json\/wp\/v2\/posts\/42413","targetHints":{"allow":["GET"]}}],"collection":[{"href":"https:\/\/vocesparalelas.com.ar\/sitio\/wp-json\/wp\/v2\/posts"}],"about":[{"href":"https:\/\/vocesparalelas.com.ar\/sitio\/wp-json\/wp\/v2\/types\/post"}],"author":[{"embeddable":true,"href":"https:\/\/vocesparalelas.com.ar\/sitio\/wp-json\/wp\/v2\/users\/3"}],"replies":[{"embeddable":true,"href":"https:\/\/vocesparalelas.com.ar\/sitio\/wp-json\/wp\/v2\/comments?post=42413"}],"version-history":[{"count":1,"href":"https:\/\/vocesparalelas.com.ar\/sitio\/wp-json\/wp\/v2\/posts\/42413\/revisions"}],"predecessor-version":[{"id":42416,"href":"https:\/\/vocesparalelas.com.ar\/sitio\/wp-json\/wp\/v2\/posts\/42413\/revisions\/42416"}],"wp:featuredmedia":[{"embeddable":true,"href":"https:\/\/vocesparalelas.com.ar\/sitio\/wp-json\/wp\/v2\/media\/42450"}],"wp:attachment":[{"href":"https:\/\/vocesparalelas.com.ar\/sitio\/wp-json\/wp\/v2\/media?parent=42413"}],"wp:term":[{"taxonomy":"category","embeddable":true,"href":"https:\/\/vocesparalelas.com.ar\/sitio\/wp-json\/wp\/v2\/categories?post=42413"},{"taxonomy":"post_tag","embeddable":true,"href":"https:\/\/vocesparalelas.com.ar\/sitio\/wp-json\/wp\/v2\/tags?post=42413"}],"curies":[{"name":"wp","href":"https:\/\/api.w.org\/{rel}","templated":true}]}}