{"id":42335,"date":"2021-09-29T00:33:13","date_gmt":"2021-09-29T03:33:13","guid":{"rendered":"https:\/\/vocesparalelas.com.ar\/sitio\/?p=42335"},"modified":"2021-09-29T00:33:13","modified_gmt":"2021-09-29T03:33:13","slug":"estudian-y-analizan-el-proyecto-de-ley-referido-a-la-economia-del-conocimiento-en-la-camara-de-diputados-de-san-juan","status":"publish","type":"post","link":"https:\/\/vocesparalelas.com.ar\/sitio\/estudian-y-analizan-el-proyecto-de-ley-referido-a-la-economia-del-conocimiento-en-la-camara-de-diputados-de-san-juan\/","title":{"rendered":"Estudian y analizan el proyecto de Ley referido a la Econom\u00eda del Conocimiento en la C\u00e1mara de Diputados de San Juan"},"content":{"rendered":"<div class=\"itemFullText jbintrotext\">\n<p>Durante la ma\u00f1ana del Martes, 28 de Septiembre, los diputados avanzaron en el estudio y an\u00e1lisis del proyecto de Ley referido a la Econom\u00eda del Conocimiento.<\/p>\n<p>El tratamiento fue llevado a cabo en el recinto de sesiones en una reuni\u00f3n en conjunto de las comisiones de Educaci\u00f3n, Cultura, Ciencia y T\u00e9cnica; Legislaci\u00f3n y Asuntos Constitucionales (LAC); Econom\u00eda y Defensa al Consumidor\u00a0 y Hacienda y Presupuesto.<\/p>\n<\/div>\n<div class=\"itemFullText\">\n<p>En la ocasi\u00f3n, participaron las legisladoras titulares de las comisiones de Educaci\u00f3n, Fernanda Paredes; y de LAC, Marcela Monti; y los diputados presidentes de las comisiones de Hacienda, Rodolfo Jalife y de Econom\u00eda, Rub\u00e9n Carri\u00f3n. Tambi\u00e9n, estuvieron presentes los parlamentarios Carlos Jaime Quiroga, Sergio Miodowsky, Leonardo Gioja, Mario Romero, Edgardo Sancassani, Andr\u00e9s Chanampa, Enrique Monta\u00f1o, Jos\u00e9 Luis Esteve, Juan Carlos Gioja, Marcelo Mallea, y las diputadas Marcela Quiroga, Graciela Seva, y Celina Ramella.<\/p>\n<\/div>\n","protected":false},"excerpt":{"rendered":"<p>Durante la ma\u00f1ana del Martes, 28 de Septiembre, los diputados avanzaron en el estudio y an\u00e1lisis del proyecto de Ley<\/p>\n","protected":false},"author":3,"featured_media":42337,"comment_status":"closed","ping_status":"closed","sticky":false,"template":"","format":"standard","meta":{"_acf_changed":false,"_seopress_robots_primary_cat":"none","_seopress_titles_title":"","_seopress_titles_desc":"","_seopress_robots_index":"","colormag_page_container_layout":"default_layout","colormag_page_sidebar_layout":"default_layout","footnotes":""},"categories":[1],"tags":[],"class_list":["post-42335","post","type-post","status-publish","format-standard","has-post-thumbnail","hentry","category-destacadas"],"acf":[],"_links":{"self":[{"href":"https:\/\/vocesparalelas.com.ar\/sitio\/wp-json\/wp\/v2\/posts\/42335","targetHints":{"allow":["GET"]}}],"collection":[{"href":"https:\/\/vocesparalelas.com.ar\/sitio\/wp-json\/wp\/v2\/posts"}],"about":[{"href":"https:\/\/vocesparalelas.com.ar\/sitio\/wp-json\/wp\/v2\/types\/post"}],"author":[{"embeddable":true,"href":"https:\/\/vocesparalelas.com.ar\/sitio\/wp-json\/wp\/v2\/users\/3"}],"replies":[{"embeddable":true,"href":"https:\/\/vocesparalelas.com.ar\/sitio\/wp-json\/wp\/v2\/comments?post=42335"}],"version-history":[{"count":1,"href":"https:\/\/vocesparalelas.com.ar\/sitio\/wp-json\/wp\/v2\/posts\/42335\/revisions"}],"predecessor-version":[{"id":42338,"href":"https:\/\/vocesparalelas.com.ar\/sitio\/wp-json\/wp\/v2\/posts\/42335\/revisions\/42338"}],"wp:featuredmedia":[{"embeddable":true,"href":"https:\/\/vocesparalelas.com.ar\/sitio\/wp-json\/wp\/v2\/media\/42337"}],"wp:attachment":[{"href":"https:\/\/vocesparalelas.com.ar\/sitio\/wp-json\/wp\/v2\/media?parent=42335"}],"wp:term":[{"taxonomy":"category","embeddable":true,"href":"https:\/\/vocesparalelas.com.ar\/sitio\/wp-json\/wp\/v2\/categories?post=42335"},{"taxonomy":"post_tag","embeddable":true,"href":"https:\/\/vocesparalelas.com.ar\/sitio\/wp-json\/wp\/v2\/tags?post=42335"}],"curies":[{"name":"wp","href":"https:\/\/api.w.org\/{rel}","templated":true}]}}