{"id":42180,"date":"2021-09-23T21:14:09","date_gmt":"2021-09-24T00:14:09","guid":{"rendered":"https:\/\/vocesparalelas.com.ar\/sitio\/?p=42180"},"modified":"2021-09-24T01:14:23","modified_gmt":"2021-09-24T04:14:23","slug":"presentaron-el-libro-gomez-centurion","status":"publish","type":"post","link":"https:\/\/vocesparalelas.com.ar\/sitio\/presentaron-el-libro-gomez-centurion\/","title":{"rendered":"Presentaron el libro \u00abG\u00f3mez Centuri\u00f3n\u00bb"},"content":{"rendered":"<div class=\"itemFullText jbintrotext\">\n<p>El vicegobernador Roberto Gattoni, particip\u00f3 de la presentaci\u00f3n del libro G\u00f3mez Centuri\u00f3n, que tuvo lugar en dependencias del Museo Provincial de Bellas Artes Franklin Rawson y que reuni\u00f3 a un importante grupo de personas vinculadas con el arte y la cultura de San Juan.<\/p>\n<\/div>\n<div class=\"itemFullText\">\n<p>El lanzamiento editorial reuni\u00f3 al autor Carlos G\u00f3mez Centuri\u00f3n quien dialog\u00f3 en el lugar con los investigadores Roberto Amigo y Alberto S\u00e1nchez Maratta, mientras que de manera virtual participaron adem\u00e1s Luis Felipe No\u00e9, Fernando Farina, Cristian Varela, Mar\u00eda G\u00f3mez Centuri\u00f3n, Juan Lo Bianco y Paola Pavanello.<\/p>\n<p>Estuvieron presentes adem\u00e1s la secretaria de Cultura, Virginia Agote; el director del Museo Provincial de Bellas Artes Franklin Rawson, Emanuel D\u00edaz Ruiz; el diputado provincial, Horacio Quiroga, funcionarios e invitados especiales.<\/p>\n<\/div>\n","protected":false},"excerpt":{"rendered":"<p>El vicegobernador Roberto Gattoni, particip\u00f3 de la presentaci\u00f3n del libro G\u00f3mez Centuri\u00f3n, que tuvo lugar en dependencias del Museo Provincial<\/p>\n","protected":false},"author":3,"featured_media":42182,"comment_status":"closed","ping_status":"closed","sticky":false,"template":"","format":"standard","meta":{"_acf_changed":false,"_seopress_robots_primary_cat":"none","_seopress_titles_title":"","_seopress_titles_desc":"","_seopress_robots_index":"","colormag_page_container_layout":"default_layout","colormag_page_sidebar_layout":"default_layout","footnotes":""},"categories":[1],"tags":[],"class_list":["post-42180","post","type-post","status-publish","format-standard","has-post-thumbnail","hentry","category-destacadas"],"acf":[],"_links":{"self":[{"href":"https:\/\/vocesparalelas.com.ar\/sitio\/wp-json\/wp\/v2\/posts\/42180","targetHints":{"allow":["GET"]}}],"collection":[{"href":"https:\/\/vocesparalelas.com.ar\/sitio\/wp-json\/wp\/v2\/posts"}],"about":[{"href":"https:\/\/vocesparalelas.com.ar\/sitio\/wp-json\/wp\/v2\/types\/post"}],"author":[{"embeddable":true,"href":"https:\/\/vocesparalelas.com.ar\/sitio\/wp-json\/wp\/v2\/users\/3"}],"replies":[{"embeddable":true,"href":"https:\/\/vocesparalelas.com.ar\/sitio\/wp-json\/wp\/v2\/comments?post=42180"}],"version-history":[{"count":1,"href":"https:\/\/vocesparalelas.com.ar\/sitio\/wp-json\/wp\/v2\/posts\/42180\/revisions"}],"predecessor-version":[{"id":42183,"href":"https:\/\/vocesparalelas.com.ar\/sitio\/wp-json\/wp\/v2\/posts\/42180\/revisions\/42183"}],"wp:featuredmedia":[{"embeddable":true,"href":"https:\/\/vocesparalelas.com.ar\/sitio\/wp-json\/wp\/v2\/media\/42182"}],"wp:attachment":[{"href":"https:\/\/vocesparalelas.com.ar\/sitio\/wp-json\/wp\/v2\/media?parent=42180"}],"wp:term":[{"taxonomy":"category","embeddable":true,"href":"https:\/\/vocesparalelas.com.ar\/sitio\/wp-json\/wp\/v2\/categories?post=42180"},{"taxonomy":"post_tag","embeddable":true,"href":"https:\/\/vocesparalelas.com.ar\/sitio\/wp-json\/wp\/v2\/tags?post=42180"}],"curies":[{"name":"wp","href":"https:\/\/api.w.org\/{rel}","templated":true}]}}