{"id":42176,"date":"2021-09-23T22:05:36","date_gmt":"2021-09-24T01:05:36","guid":{"rendered":"https:\/\/vocesparalelas.com.ar\/sitio\/?p=42176"},"modified":"2021-09-24T01:10:43","modified_gmt":"2021-09-24T04:10:43","slug":"90-aniversario-del-archivo-general-de-la-provincia-de-san-juan","status":"publish","type":"post","link":"https:\/\/vocesparalelas.com.ar\/sitio\/90-aniversario-del-archivo-general-de-la-provincia-de-san-juan\/","title":{"rendered":"90 Aniversario del Archivo General de la Provincia de San Juan"},"content":{"rendered":"<div class=\"itemFullText jbintrotext\">\n<p>La ceremonia de aniversario del Archivo General de la Provincia estuvo encabezada por el vicegobernador Roberto Gattoni y cont\u00f3 con la apertura de una muestra documental hemerogr\u00e1fica, fotogr\u00e1fica y audiovisual expuesta en el Museo Provincial de Bellas Artes Franklin Rawson. Cabe se\u00f1alar que esta actividad fue declarada de inter\u00e9s Social, Educativa, Hist\u00f3rica y Cultural por la C\u00e1mara de Diputados de San Juan.<\/p>\n<\/div>\n<div class=\"itemFullText\">\n<p>Participaron del acto la ministro de Gobierno, Dra. Fabiola Aubone; el jefe del Regimiento de Infanter\u00eda de Monta\u00f1a 22, teniente coronel de Infanter\u00eda Rolando Alberto Labrousse; el secretario de Relaciones Institucionales, Lic. Marcelo Fretes; la secretar\u00eda de Gobierno, Justicia y Derechos Humanos, Dra. Nerina Eusebi; la secretaria de Cultura, Prof. Virginia Agote; la secretaria de Cultura de la Municipalidad de la Capital, Dra. Sandra Barcel\u00f3; el director del Archivo General de la Provincia (AGP), Prof. Gast\u00f3n Reino. Tambi\u00e9n estuvo desde la virtualidad, el director del Archivo General de la Naci\u00f3n, Pablo Fontdevila, entre otros funcionarios.<\/p>\n<p>Durante la presentaci\u00f3n, proyectaron un video institucional que puso en valor su misi\u00f3n de organizar, conservar, acrecentar y difundir el patrimonio documental de la provincia, asegurando su accesibilidad para la acci\u00f3n administrativa, la investigaci\u00f3n cient\u00edfica, y la informaci\u00f3n general. Tambi\u00e9n, destac\u00f3 que San Juan es una de las pocas provincias que cuenta con una ley que regula la actividad de los archivos.<\/p>\n<p>Luego, el titular del Poder Legislativo, CPN Roberto Gattoni, entreg\u00f3 la resoluci\u00f3n de la declaraci\u00f3n de inter\u00e9s de la muestra documental a la ministra de Gobierno. Acto seguido habl\u00f3 el director del AGP, Gast\u00f3n Reino y dijo que \u201cnoventa a\u00f1os pasaron de hechos, acontecimientos guardados, en este archivo, desde el terremoto, un golpe de Estado, cambio de domicilio de la instituci\u00f3n, entre otras cuestiones, y hoy estamos ac\u00e1 con 546 alumnos de la carrera Archiv\u00edstica, que no han podido estar todos de forma presencial por la pandemia. Con la ministra Fabiola Aubone, creamos una carrera que entend\u00edamos que era necesario para el perfeccionamiento y profesionalizaci\u00f3n de la gesti\u00f3n documental\u201d.<\/p>\n<p>A su turno, el director del Archivo General de la Naci\u00f3n sostuvo que \u201cSan Juan ha sido una provincia protagonista de tantos grandes acontecimientos en la historia de nuestro pa\u00eds, que son los hechos que los archivos provinciales y nacionales gestionan y custodian. Todos somos conscientes de que el pasado es una fuente de inspiraci\u00f3n para enfrentar los problemas del presente y las cuestiones significativas del porvenir. Nuestra tarea es ocuparnos de la historia de la memoria y de los derechos que ha ido conquistando el pueblo argentino y cada una de las provincias a trav\u00e9s de diversas gestas que todos tratamos de recordar\u201d.<\/p>\n<p>Por su parte, la ministro de Gobierno, record\u00f3 que \u201cen mi camino de actividad laboral me toc\u00f3 ser abogada de lista documental en lo que fue el Digesto Jur\u00eddico en la provincia de San Juan y ah\u00ed descubr\u00ed la pasi\u00f3n y la importancia de lo que es el trabajo del an\u00e1lisis de documentos hist\u00f3ricos. Es una actividad apasionante. Desde all\u00ed trabajamos mucho desde el Ministerio en lograr la carrera de Archiv\u00edstica para poder profesionalizar y ponerla en valor. Son trabajadores incansables y conscientes de que la custodia de la historia de la provincia es algo muy importante que nos permite entender el pasado, construir el presente y el futuro de las nuevas generaciones\u201d.<\/p>\n<p>Por \u00faltimo, el vicegobernador expres\u00f3 que \u201cquiero felicitarlos por esta muestra que inicia hoy en el marco de la conmemoraci\u00f3n del aniversario del Archivo General de la Provincia. Y qu\u00e9 mejor que hacerlo reconociendo la labor y el esfuerzo del personal y sus autoridades que han realizado durante estos noventa a\u00f1os en la custodia del patrimonio documental de la provincia. Esto tiene un significado trascendente porque ese patrimonio son los instrumentos sobre los que se sustenta nuestra memoria individual y colectiva como pueblo. Si nosotros queremos conocer m\u00e1s sobre nuestra identidad, idiosincrasia, cultura o historia, sin duda vamos a tener que pasar por los documentos que est\u00e1n en el Archivo General de la Provincia\u201d.<\/p>\n<\/div>\n<p>&nbsp;<\/p>\n<p>&nbsp;<\/p>\n","protected":false},"excerpt":{"rendered":"<p>La ceremonia de aniversario del Archivo General de la Provincia estuvo encabezada por el vicegobernador Roberto Gattoni y cont\u00f3 con<\/p>\n","protected":false},"author":3,"featured_media":42178,"comment_status":"closed","ping_status":"closed","sticky":false,"template":"","format":"standard","meta":{"_acf_changed":false,"_seopress_robots_primary_cat":"none","_seopress_titles_title":"","_seopress_titles_desc":"","_seopress_robots_index":"","colormag_page_container_layout":"default_layout","colormag_page_sidebar_layout":"default_layout","footnotes":""},"categories":[1],"tags":[],"class_list":["post-42176","post","type-post","status-publish","format-standard","has-post-thumbnail","hentry","category-destacadas"],"acf":[],"_links":{"self":[{"href":"https:\/\/vocesparalelas.com.ar\/sitio\/wp-json\/wp\/v2\/posts\/42176","targetHints":{"allow":["GET"]}}],"collection":[{"href":"https:\/\/vocesparalelas.com.ar\/sitio\/wp-json\/wp\/v2\/posts"}],"about":[{"href":"https:\/\/vocesparalelas.com.ar\/sitio\/wp-json\/wp\/v2\/types\/post"}],"author":[{"embeddable":true,"href":"https:\/\/vocesparalelas.com.ar\/sitio\/wp-json\/wp\/v2\/users\/3"}],"replies":[{"embeddable":true,"href":"https:\/\/vocesparalelas.com.ar\/sitio\/wp-json\/wp\/v2\/comments?post=42176"}],"version-history":[{"count":1,"href":"https:\/\/vocesparalelas.com.ar\/sitio\/wp-json\/wp\/v2\/posts\/42176\/revisions"}],"predecessor-version":[{"id":42179,"href":"https:\/\/vocesparalelas.com.ar\/sitio\/wp-json\/wp\/v2\/posts\/42176\/revisions\/42179"}],"wp:featuredmedia":[{"embeddable":true,"href":"https:\/\/vocesparalelas.com.ar\/sitio\/wp-json\/wp\/v2\/media\/42178"}],"wp:attachment":[{"href":"https:\/\/vocesparalelas.com.ar\/sitio\/wp-json\/wp\/v2\/media?parent=42176"}],"wp:term":[{"taxonomy":"category","embeddable":true,"href":"https:\/\/vocesparalelas.com.ar\/sitio\/wp-json\/wp\/v2\/categories?post=42176"},{"taxonomy":"post_tag","embeddable":true,"href":"https:\/\/vocesparalelas.com.ar\/sitio\/wp-json\/wp\/v2\/tags?post=42176"}],"curies":[{"name":"wp","href":"https:\/\/api.w.org\/{rel}","templated":true}]}}