{"id":42099,"date":"2021-09-21T22:46:14","date_gmt":"2021-09-22T01:46:14","guid":{"rendered":"https:\/\/vocesparalelas.com.ar\/sitio\/?p=42099"},"modified":"2021-09-21T23:20:44","modified_gmt":"2021-09-22T02:20:44","slug":"reunion-paritaria-para-el-miercoles-22-de-septiembre-donde-se-trata-la-presencialidad-en-los-ipu-de-la-unsj","status":"publish","type":"post","link":"https:\/\/vocesparalelas.com.ar\/sitio\/reunion-paritaria-para-el-miercoles-22-de-septiembre-donde-se-trata-la-presencialidad-en-los-ipu-de-la-unsj\/","title":{"rendered":"Reuni\u00f3n Paritaria para el Mi\u00e9rcoles, 22 de Septiembre, donde se trata la presencialidad en los IPU de la UNSJ"},"content":{"rendered":"<p>Luego que, el Lunes,\u00a0 20 de Septiembre, las autoridades de la UNSJ dialogaran con padres de estudiantes de los institutos preuniversitarios, se realiz\u00f3 un espacio de di\u00e1logo con los directivos de las tres escuelas y representantes de los gremios ADICUS, SIDUNSJ y UDA.<\/p>\n<p>Durante el encuentro, todas las partes expresaron su posici\u00f3n respecto de la presencialidad en los IPU y finalmente acordaron debatir el tema en reuni\u00f3n de Comisi\u00f3n Paritaria fijada para el Mi\u00e9rcoles, 22 de Septiembre.<\/p>\n<p>Por ello, la secretaria acad\u00e9mica de la UNSJ, Prof. Rosa Ferrer, explic\u00f3 que \u00abse les ha solicitado a los directivos de las tres escuelas, que eleven un detalle de la situaci\u00f3n edilicia y los espacios disponibles, informaci\u00f3n que permitir\u00e1 tomar una decisi\u00f3n sobre la posibilidad de implementar una mayor presencialidad para los estudiantes\u00bb.<\/p>\n","protected":false},"excerpt":{"rendered":"<p>Luego que, el Lunes,\u00a0 20 de Septiembre, las autoridades de la UNSJ dialogaran con padres de estudiantes de los institutos<\/p>\n","protected":false},"author":3,"featured_media":42101,"comment_status":"closed","ping_status":"closed","sticky":false,"template":"","format":"standard","meta":{"_acf_changed":false,"_seopress_robots_primary_cat":"none","_seopress_titles_title":"","_seopress_titles_desc":"","_seopress_robots_index":"","colormag_page_container_layout":"default_layout","colormag_page_sidebar_layout":"default_layout","footnotes":""},"categories":[1],"tags":[],"class_list":["post-42099","post","type-post","status-publish","format-standard","has-post-thumbnail","hentry","category-destacadas"],"acf":[],"_links":{"self":[{"href":"https:\/\/vocesparalelas.com.ar\/sitio\/wp-json\/wp\/v2\/posts\/42099","targetHints":{"allow":["GET"]}}],"collection":[{"href":"https:\/\/vocesparalelas.com.ar\/sitio\/wp-json\/wp\/v2\/posts"}],"about":[{"href":"https:\/\/vocesparalelas.com.ar\/sitio\/wp-json\/wp\/v2\/types\/post"}],"author":[{"embeddable":true,"href":"https:\/\/vocesparalelas.com.ar\/sitio\/wp-json\/wp\/v2\/users\/3"}],"replies":[{"embeddable":true,"href":"https:\/\/vocesparalelas.com.ar\/sitio\/wp-json\/wp\/v2\/comments?post=42099"}],"version-history":[{"count":3,"href":"https:\/\/vocesparalelas.com.ar\/sitio\/wp-json\/wp\/v2\/posts\/42099\/revisions"}],"predecessor-version":[{"id":42104,"href":"https:\/\/vocesparalelas.com.ar\/sitio\/wp-json\/wp\/v2\/posts\/42099\/revisions\/42104"}],"wp:featuredmedia":[{"embeddable":true,"href":"https:\/\/vocesparalelas.com.ar\/sitio\/wp-json\/wp\/v2\/media\/42101"}],"wp:attachment":[{"href":"https:\/\/vocesparalelas.com.ar\/sitio\/wp-json\/wp\/v2\/media?parent=42099"}],"wp:term":[{"taxonomy":"category","embeddable":true,"href":"https:\/\/vocesparalelas.com.ar\/sitio\/wp-json\/wp\/v2\/categories?post=42099"},{"taxonomy":"post_tag","embeddable":true,"href":"https:\/\/vocesparalelas.com.ar\/sitio\/wp-json\/wp\/v2\/tags?post=42099"}],"curies":[{"name":"wp","href":"https:\/\/api.w.org\/{rel}","templated":true}]}}