{"id":42088,"date":"2021-09-20T21:27:54","date_gmt":"2021-09-21T00:27:54","guid":{"rendered":"https:\/\/vocesparalelas.com.ar\/sitio\/?p=42088"},"modified":"2021-09-21T02:28:08","modified_gmt":"2021-09-21T05:28:08","slug":"presentaron-el-plan-de-trabajo-de-la-empresa-san-juan-innova-sociedad-del-estado","status":"publish","type":"post","link":"https:\/\/vocesparalelas.com.ar\/sitio\/presentaron-el-plan-de-trabajo-de-la-empresa-san-juan-innova-sociedad-del-estado\/","title":{"rendered":"Presentaron el plan de trabajo de la Empresa San Juan Innova Sociedad del Estado"},"content":{"rendered":"<p>La Casa de Gobierno de San Juan\u00a0 fue el encuentro entre el gobernador Dr. Sergio U\u00f1ac, acompa\u00f1ado por la ministro de Hacienda y Finanzas, CPN Marisa L\u00f3pez, y Gustavo Gonz\u00e1lez, presidente de la empresa San Juan Innova Sociedad del Estado y los directivos de la entidad Juan Pellicer, Rodolfo Arroqui, el sindico Federico Torcivia y al referente t\u00e9cnico Ra\u00fal Rodr\u00edguez, quienes le presentaron el plan de trabajo de la firma estatal.<\/p>\n<p>Al t\u00e9rmino de la reuni\u00f3n, Gonz\u00e1lez explic\u00f3 que la empresa estatal fue creada recientemente y que durante la visita interiorizaron al primer mandatario sobre el objetivo principal de la empresa, que es impulsar la inclusi\u00f3n digital de todos los sanjuaninos.<\/p>\n<p>El presidente del directorio del ente estatal detall\u00f3 que \u201cpara mejorar la conectividad se requiere de un proceso de inversi\u00f3n muy importante y el trabajo conjunto entre los actores p\u00fablicos y privados. Desde esta empresa del Estado queremos apalancarlos y colaborar para brindar un servicio de calidad a todos los sanjuaninos\u00bb.<\/p>\n<p>El funcionario indic\u00f3 que si bien el sector privado realiza inversiones en este sentido, el objetivo del Estado provincial es agilizar ese proceso para brindar una mejor conectividad, que significa un achicamiento de la brecha digital y mejora para la poblaci\u00f3n en general.<\/p>\n<p><iframe loading=\"lazy\" title=\"Saludos protocolares por parte de directivos de la empresa San Juan Innova Sociedad del Estado\" width=\"800\" height=\"450\" src=\"https:\/\/www.youtube.com\/embed\/aKK6ivuz5_4?feature=oembed\" frameborder=\"0\" allow=\"accelerometer; autoplay; clipboard-write; encrypted-media; gyroscope; picture-in-picture\" allowfullscreen><\/iframe><\/p>\n<p><strong><span style=\"color: #33cccc;\">Empresa San Juan Innova Sociedad del Estado<\/span><\/strong><\/p>\n<p>Tiene por objetivo promover por s\u00ed misma, a trav\u00e9s de terceros o asociada a terceros, la inclusi\u00f3n digital de todos los sanjuaninos y para ello tiene las facultades para prestar servicios de telecomunicaciones en la provincia, de tal manera que se permita la comercializaci\u00f3n del servicio, su producci\u00f3n y\/o distribuci\u00f3n nacional e internacional; la investigaci\u00f3n y desarrollo sobre nuevas tecnolog\u00edas de las comunicaciones, lo que incluye soluciones tecnol\u00f3gicas y software; la producci\u00f3n, comercializaci\u00f3n y provisi\u00f3n de equipos y sistemas de telecomunicaciones; toda otra actividad necesaria para el cumplimiento del objeto social o que se encuentre vinculada con aquel.<\/p>\n<p>La Sociedad deber\u00e1 sujetarse a la pol\u00edtica que en materia de desarrollo tecnol\u00f3gico establezca el Gobierno de la Provincia. La Sociedad tendr\u00e1 a su cargo la implementaci\u00f3n de las acciones proyecto \u00abSan Juan Conectada\u00bb y cualquier otro proyecto de tecnolog\u00eda asociada al objeto y adem\u00e1s ejercer\u00e1 todas las atribuciones y estar\u00e1 sometida a los mismos controles, internos y externos, de las personas jur\u00eddicas de su tipo, quedando facultada para suscribir convenios con empresas p\u00fablicas o privadas, nacionales o extranjeras para el cumplimiento de su objeto social.<\/p>\n","protected":false},"excerpt":{"rendered":"<p>La Casa de Gobierno de San Juan\u00a0 fue el encuentro entre el gobernador Dr. Sergio U\u00f1ac, acompa\u00f1ado por la ministro<\/p>\n","protected":false},"author":3,"featured_media":3812,"comment_status":"closed","ping_status":"closed","sticky":false,"template":"","format":"video","meta":{"_acf_changed":false,"_seopress_robots_primary_cat":"none","_seopress_titles_title":"","_seopress_titles_desc":"","_seopress_robots_index":"","colormag_page_container_layout":"default_layout","colormag_page_sidebar_layout":"default_layout","footnotes":""},"categories":[1,7],"tags":[],"class_list":["post-42088","post","type-post","status-publish","format-video","has-post-thumbnail","hentry","category-destacadas","category-videos","post_format-post-format-video"],"acf":[],"_links":{"self":[{"href":"https:\/\/vocesparalelas.com.ar\/sitio\/wp-json\/wp\/v2\/posts\/42088","targetHints":{"allow":["GET"]}}],"collection":[{"href":"https:\/\/vocesparalelas.com.ar\/sitio\/wp-json\/wp\/v2\/posts"}],"about":[{"href":"https:\/\/vocesparalelas.com.ar\/sitio\/wp-json\/wp\/v2\/types\/post"}],"author":[{"embeddable":true,"href":"https:\/\/vocesparalelas.com.ar\/sitio\/wp-json\/wp\/v2\/users\/3"}],"replies":[{"embeddable":true,"href":"https:\/\/vocesparalelas.com.ar\/sitio\/wp-json\/wp\/v2\/comments?post=42088"}],"version-history":[{"count":1,"href":"https:\/\/vocesparalelas.com.ar\/sitio\/wp-json\/wp\/v2\/posts\/42088\/revisions"}],"predecessor-version":[{"id":42090,"href":"https:\/\/vocesparalelas.com.ar\/sitio\/wp-json\/wp\/v2\/posts\/42088\/revisions\/42090"}],"wp:featuredmedia":[{"embeddable":true,"href":"https:\/\/vocesparalelas.com.ar\/sitio\/wp-json\/wp\/v2\/media\/3812"}],"wp:attachment":[{"href":"https:\/\/vocesparalelas.com.ar\/sitio\/wp-json\/wp\/v2\/media?parent=42088"}],"wp:term":[{"taxonomy":"category","embeddable":true,"href":"https:\/\/vocesparalelas.com.ar\/sitio\/wp-json\/wp\/v2\/categories?post=42088"},{"taxonomy":"post_tag","embeddable":true,"href":"https:\/\/vocesparalelas.com.ar\/sitio\/wp-json\/wp\/v2\/tags?post=42088"}],"curies":[{"name":"wp","href":"https:\/\/api.w.org\/{rel}","templated":true}]}}