{"id":42067,"date":"2021-09-20T15:39:00","date_gmt":"2021-09-20T18:39:00","guid":{"rendered":"https:\/\/vocesparalelas.com.ar\/sitio\/?p=42067"},"modified":"2021-09-28T01:37:00","modified_gmt":"2021-09-28T04:37:00","slug":"sumate-a-la-semana-del-estudiante-en-ingenieria","status":"publish","type":"post","link":"https:\/\/vocesparalelas.com.ar\/sitio\/sumate-a-la-semana-del-estudiante-en-ingenieria\/","title":{"rendered":"Sumate a la \u00abSemana del Estudiante en Ingenier\u00eda\u00bb"},"content":{"rendered":"<p>Del Lunes, 20 al Viernes, 24 de Septiembre, se desarrolla la \u201cSemana del Estudiante en Ingenier\u00eda\u201d, con bimodalidad, respetando el Distanciamiento Social Preventivo y Obligatorio en el caso de la presencialidad.<\/p>\n<p><img loading=\"lazy\" decoding=\"async\" class=\"alignnone wp-image-42070 size-full\" src=\"https:\/\/vocesparalelas.com.ar\/sitio\/wp-content\/uploads\/2021\/09\/FI-DIA-ESTUDIANTE-2.jpg\" alt=\"\" width=\"822\" height=\"1024\" \/><\/p>\n<p><strong><span style=\"color: #339966;\">Modalidad virtua<\/span>l<\/strong><\/p>\n<ul>\n<li>Ferial virtual estudiantil. Se realiza un cat\u00e1logo con los productos y servicios que desarrollan de manera personal las y los estudiantes.<\/li>\n<\/ul>\n<p><span style=\"color: #339966;\"><strong>Modalidad presencial<\/strong><\/span><\/p>\n<ul>\n<li>Los temas de los conversatorios est\u00e1n destinados a reforzar las pr\u00e1cticas educativas y brindar ciertas herramientas y estrategias de apoyo y contenci\u00f3n estudiantil en \u00e9pocas de alta complejidad e incertidumbre como ha sido enfrentar la pandemia.<\/li>\n<\/ul>\n<p>Esta actividad est\u00e1 definida por un aforo de 50 estudiantes que deben inscribirse en formulario on-line y es al aire libre.<\/p>\n<ul>\n<li>Entrega de obsequios sorteados al t\u00e9rmino de cada conversatorio. Los obsequios fueron donados por empresas o instituciones que tengan vinculaci\u00f3n con las actividades acad\u00e9micas de la Facultad de Ingenier\u00eda.<\/li>\n<li>Las autoridades de la Facultad de Ingenier\u00eda brindan unas palabras de cierre poniendo en valor la necesidad de acompa\u00f1ar a los estudiantes de la Unidad Acad\u00e9mica.<\/li>\n<\/ul>\n<p>&nbsp;<\/p>\n<figure id=\"attachment_42060\" aria-describedby=\"caption-attachment-42060\" style=\"width: 800px\" class=\"wp-caption alignnone\"><img loading=\"lazy\" decoding=\"async\" class=\"wp-image-42060 size-full\" src=\"https:\/\/vocesparalelas.com.ar\/sitio\/wp-content\/uploads\/2021\/09\/FI-VALENTINA-01.jpg\" alt=\"\" width=\"800\" height=\"533\" srcset=\"https:\/\/vocesparalelas.com.ar\/sitio\/wp-content\/uploads\/2021\/09\/FI-VALENTINA-01.jpg 800w, https:\/\/vocesparalelas.com.ar\/sitio\/wp-content\/uploads\/2021\/09\/FI-VALENTINA-01-300x200.jpg 300w, https:\/\/vocesparalelas.com.ar\/sitio\/wp-content\/uploads\/2021\/09\/FI-VALENTINA-01-768x512.jpg 768w\" sizes=\"auto, (max-width: 800px) 100vw, 800px\" \/><figcaption id=\"caption-attachment-42060\" class=\"wp-caption-text\">Secretaria de Asuntos Estudiantiles de la FI de la UNSJ, Lic. Valentina Soria<\/figcaption><\/figure>\n<p>Por ello, Voces Paralelas desarroll\u00f3 una entrevista period\u00edstica a la Secretaria de Asuntos Estudiantiles de la FI de la UNSJ, Lic. Valentina Soria, quien invit\u00f3 y explic\u00f3 en los que consiste la \u00abSemana del Estudiante en Ingenier\u00eda\u00bb<\/p>\n<p><iframe loading=\"lazy\" title=\"FI UNSJ LIC VALENTINA SORIA\" width=\"800\" height=\"450\" src=\"https:\/\/www.youtube.com\/embed\/w7BuVPful9s?feature=oembed\" frameborder=\"0\" allow=\"accelerometer; autoplay; clipboard-write; encrypted-media; gyroscope; picture-in-picture\" allowfullscreen><\/iframe><\/p>\n<p>&nbsp;<\/p>\n<p><img loading=\"lazy\" decoding=\"async\" class=\"alignnone wp-image-42069 size-full\" src=\"https:\/\/vocesparalelas.com.ar\/sitio\/wp-content\/uploads\/2021\/09\/FI-DIA-ESTUDIANTE-1.jpg\" alt=\"\" width=\"820\" height=\"1024\" \/><\/p>\n<p><img loading=\"lazy\" decoding=\"async\" class=\"alignnone wp-image-42074 size-full\" src=\"https:\/\/vocesparalelas.com.ar\/sitio\/wp-content\/uploads\/2021\/09\/FI-DIA-ESTUDIANTE-6.jpg\" alt=\"\" width=\"820\" height=\"1024\" \/><\/p>\n<p><img loading=\"lazy\" decoding=\"async\" class=\"alignnone wp-image-42073 size-full\" src=\"https:\/\/vocesparalelas.com.ar\/sitio\/wp-content\/uploads\/2021\/09\/FI-DIA-ESTUDIANTE-5.jpg\" alt=\"\" width=\"820\" height=\"1024\" \/><\/p>\n<p><img loading=\"lazy\" decoding=\"async\" class=\"alignnone wp-image-23028 size-large\" src=\"https:\/\/vocesparalelas.com.ar\/sitio\/wp-content\/uploads\/2019\/08\/FI-UNSJ-EDIFICIO-800x600.jpg\" alt=\"\" width=\"800\" height=\"600\" srcset=\"https:\/\/vocesparalelas.com.ar\/sitio\/wp-content\/uploads\/2019\/08\/FI-UNSJ-EDIFICIO-800x600.jpg 800w, https:\/\/vocesparalelas.com.ar\/sitio\/wp-content\/uploads\/2019\/08\/FI-UNSJ-EDIFICIO-300x225.jpg 300w, https:\/\/vocesparalelas.com.ar\/sitio\/wp-content\/uploads\/2019\/08\/FI-UNSJ-EDIFICIO-768x576.jpg 768w, https:\/\/vocesparalelas.com.ar\/sitio\/wp-content\/uploads\/2019\/08\/FI-UNSJ-EDIFICIO.jpg 888w\" sizes=\"auto, (max-width: 800px) 100vw, 800px\" \/><\/p>\n","protected":false},"excerpt":{"rendered":"<p>Del Lunes, 20 al Viernes, 24 de Septiembre, se desarrolla la \u201cSemana del Estudiante en Ingenier\u00eda\u201d, con bimodalidad, respetando el<\/p>\n","protected":false},"author":3,"featured_media":42061,"comment_status":"closed","ping_status":"closed","sticky":false,"template":"","format":"video","meta":{"_acf_changed":false,"_seopress_robots_primary_cat":"none","_seopress_titles_title":"","_seopress_titles_desc":"","_seopress_robots_index":"","colormag_page_container_layout":"default_layout","colormag_page_sidebar_layout":"default_layout","footnotes":""},"categories":[2,7],"tags":[],"class_list":["post-42067","post","type-post","status-publish","format-video","has-post-thumbnail","hentry","category-convocatorias","category-videos","post_format-post-format-video"],"acf":[],"_links":{"self":[{"href":"https:\/\/vocesparalelas.com.ar\/sitio\/wp-json\/wp\/v2\/posts\/42067","targetHints":{"allow":["GET"]}}],"collection":[{"href":"https:\/\/vocesparalelas.com.ar\/sitio\/wp-json\/wp\/v2\/posts"}],"about":[{"href":"https:\/\/vocesparalelas.com.ar\/sitio\/wp-json\/wp\/v2\/types\/post"}],"author":[{"embeddable":true,"href":"https:\/\/vocesparalelas.com.ar\/sitio\/wp-json\/wp\/v2\/users\/3"}],"replies":[{"embeddable":true,"href":"https:\/\/vocesparalelas.com.ar\/sitio\/wp-json\/wp\/v2\/comments?post=42067"}],"version-history":[{"count":4,"href":"https:\/\/vocesparalelas.com.ar\/sitio\/wp-json\/wp\/v2\/posts\/42067\/revisions"}],"predecessor-version":[{"id":42297,"href":"https:\/\/vocesparalelas.com.ar\/sitio\/wp-json\/wp\/v2\/posts\/42067\/revisions\/42297"}],"wp:featuredmedia":[{"embeddable":true,"href":"https:\/\/vocesparalelas.com.ar\/sitio\/wp-json\/wp\/v2\/media\/42061"}],"wp:attachment":[{"href":"https:\/\/vocesparalelas.com.ar\/sitio\/wp-json\/wp\/v2\/media?parent=42067"}],"wp:term":[{"taxonomy":"category","embeddable":true,"href":"https:\/\/vocesparalelas.com.ar\/sitio\/wp-json\/wp\/v2\/categories?post=42067"},{"taxonomy":"post_tag","embeddable":true,"href":"https:\/\/vocesparalelas.com.ar\/sitio\/wp-json\/wp\/v2\/tags?post=42067"}],"curies":[{"name":"wp","href":"https:\/\/api.w.org\/{rel}","templated":true}]}}