{"id":42038,"date":"2021-09-18T21:53:57","date_gmt":"2021-09-19T00:53:57","guid":{"rendered":"https:\/\/vocesparalelas.com.ar\/sitio\/?p=42038"},"modified":"2021-09-21T00:03:24","modified_gmt":"2021-09-21T03:03:24","slug":"75-aniversario-del-instituto-de-investigaciones-mineras-de-la-fi-de-la-unsj","status":"publish","type":"post","link":"https:\/\/vocesparalelas.com.ar\/sitio\/75-aniversario-del-instituto-de-investigaciones-mineras-de-la-fi-de-la-unsj\/","title":{"rendered":"75 Aniversario del Instituto de Investigaciones Mineras de la FI de la UNSJ"},"content":{"rendered":"<p>El 18 de septiembre se celebra el septuag\u00e9simo quinto Aniversario de la creaci\u00f3n del Instituto de Investigaciones Mineras \u2013 IIM- unidad acad\u00e9mica dependiente de la Facultad de Ingenier\u00eda de la Universidad Nacional de San Juan. En este marco, el decano de la Unidad Acad\u00e9mica, Esp. Ing. Oscar Mario Fern\u00e1ndez, invita a la comunidad educativa a participar de un acto que se celebra el Lunes, 20 de Septiembre, a las 9:30 hs, en el Pasaje 16 de Agosto.<\/p>\n<p>El Instituto de Investigaciones Mineras tiene como objetivo la capacitaci\u00f3n de alto nivel a trav\u00e9s de su programa de posgrado, que incluye la Maestr\u00eda en Metalurgia Extractiva, la Maestr\u00eda en Gesti\u00f3n de los Recursos Minerales y el Doctorado en Ingenier\u00eda en Procesamiento de Minerales.<\/p>\n<p>La infraestructura t\u00e9cnica e instrumental de esta unidad acad\u00e9mica la coloca a la vanguardia de los requerimientos de la industria minera y la comunidad en general, en cuanto a la realizaci\u00f3n de an\u00e1lisis normalizados para el mejoramiento de productos minerales y la preservaci\u00f3n del medio ambiente.<\/p>\n<p>Hoy, el IIM ofrece una contribuci\u00f3n eficiente a la industria minera mediante la investigaci\u00f3n cient\u00edfica y tecnol\u00f3gica. Colabora en proyectos de \u00edndole multidisciplinaria y desarrolla una continua formaci\u00f3n de recursos humanos a nivel de grado, postgrado y capacitaci\u00f3n de operarios y t\u00e9cnicos. Brinda adem\u00e1s servicios de laboratorio y de campo calificados y confiables, mediante convenios de trabajo con empresas nacionales e internacionales, aporte que es valorado de modo singular, teniendo en cuenta el auge de la actividad minera en la Argentina y, particularmente, en la provincia de San Juan.<\/p>\n<p>Esta unidad acad\u00e9mica fue instituida el 18 de Septiembre de 1946, en el seno de la entonces Escuela de Ingenier\u00eda de San Juan, perteneciente a la Facultad de Ingenier\u00eda y Ciencias Exactas, F\u00edsicas y Naturales de la Universidad Nacional de Cuyo-UNCuyo-, bajo Resoluci\u00f3n Nro. 180. Este documento expresa \u201cla necesidad de reiniciar en la Rep\u00fablica Argentina las investigaciones t\u00e9cnicas y cient\u00edficas de los yacimientos minerales, con el fin de dar a conocer la importancia de los mismos y de determinar los m\u00e9todos adecuados de beneficio\u201d. Entre sus considerandos se establece que no existe en el pa\u00eds instituto alguno en condiciones de llevar a cabo investigaciones de esta \u00edndole, que es imprescindible el estudio t\u00e9cnico de nuestras riquezas minerales y de sus posibilidades econ\u00f3micas, previo a todo intento de explotaci\u00f3n, mediante la investigaci\u00f3n y la ense\u00f1anza especializada.<\/p>\n<p>Fue el primer director del Instituto de Investigaciones Mineras el Ingeniero Ram\u00f3n Joaqu\u00edn Ruiz Bates hasta 1971, tarea que comparti\u00f3 con la direcci\u00f3n del Departamento de Minas de la Universidad Nacional de Cuyo.<\/p>\n<p>Antecede y da origen a esta creaci\u00f3n, el Convenio firmado en mayo de 1946, entre la Escuela de Ingenier\u00eda, dirigida por el Ing. Rogelio Boero y la Direcci\u00f3n General de Minas, cuyo director era el Ing. Juan Victoria: \u201cAmbas partes convienen en aunar esfuerzos para el progreso de la miner\u00eda en San Juan mediante estudios e investigaciones relativas a la geolog\u00eda, explotaci\u00f3n y beneficio de los minerales de la Provincia.\u201d Acuerdan en forma conjunta \u201cinstalar, equipar, organizar y mantener al Instituto de Investigaciones Mineras de San Juan\u00bb.<\/p>\n<p>El IIM fue la primera unidad acad\u00e9mica que elabor\u00f3 un proyecto de convenio con entidades estatales. En 1953, se acuerda con la Direcci\u00f3n Nacional de Miner\u00eda y la Direcci\u00f3n de Minas de San Juan, realizar un conjunto de estudios mineros, en un tiempo establecido y contra una suma de dinero debidamente presupuestada.<\/p>\n<p>Desde ese momento, el IIM se constituy\u00f3 en un pionero dentro de la universidad argentina por sus objetivos fundacionales de colaborar con la industria minera a trav\u00e9s de la transferencia tecnol\u00f3gica, los desarrollos y la prestaci\u00f3n de servicios de laboratorio de ensayos normalizados.<\/p>\n<p>La constante trayectoria en investigaci\u00f3n b\u00e1sica y aplicada, la convocatoria multidisciplinaria para el estudio y resoluci\u00f3n de las problem\u00e1ticas en miner\u00eda y otras industrias, le vali\u00f3 la calificaci\u00f3n de Centro de Excelencia, donde profesionales externos pueden realizar pasant\u00edas de capacitaci\u00f3n y perfeccionamiento en su \u00e1mbito.<\/p>\n<p>Adem\u00e1s de estos logros alcanzados en setenta y cinco a\u00f1os, en el presente se destaca la acreditaci\u00f3n de normas internacionales para el funcionamiento de sus laboratorios y la implementaci\u00f3n de sus programas de posgrado, con la creaci\u00f3n de carreras in\u00e9ditas en el pa\u00eds como son la Maestr\u00eda en Metalurgia Extractiva (1996), la Maestr\u00eda en Gesti\u00f3n de Recursos Minerales (1997) y el Doctorado en Ingenier\u00eda en Procesamiento de Minerales (2014), acreditadas por la CONEAU.<\/p>\n<p><img loading=\"lazy\" decoding=\"async\" class=\"alignnone wp-image-23028 size-large\" src=\"https:\/\/vocesparalelas.com.ar\/sitio\/wp-content\/uploads\/2019\/08\/FI-UNSJ-EDIFICIO-800x600.jpg\" alt=\"\" width=\"800\" height=\"600\" srcset=\"https:\/\/vocesparalelas.com.ar\/sitio\/wp-content\/uploads\/2019\/08\/FI-UNSJ-EDIFICIO-800x600.jpg 800w, https:\/\/vocesparalelas.com.ar\/sitio\/wp-content\/uploads\/2019\/08\/FI-UNSJ-EDIFICIO-300x225.jpg 300w, https:\/\/vocesparalelas.com.ar\/sitio\/wp-content\/uploads\/2019\/08\/FI-UNSJ-EDIFICIO-768x576.jpg 768w, https:\/\/vocesparalelas.com.ar\/sitio\/wp-content\/uploads\/2019\/08\/FI-UNSJ-EDIFICIO.jpg 888w\" sizes=\"auto, (max-width: 800px) 100vw, 800px\" \/><\/p>\n<p>&nbsp;<\/p>\n<p>&nbsp;<\/p>\n","protected":false},"excerpt":{"rendered":"<p>El 18 de septiembre se celebra el septuag\u00e9simo quinto Aniversario de la creaci\u00f3n del Instituto de Investigaciones Mineras \u2013 IIM-<\/p>\n","protected":false},"author":3,"featured_media":41814,"comment_status":"closed","ping_status":"closed","sticky":false,"template":"","format":"standard","meta":{"_acf_changed":false,"_seopress_robots_primary_cat":"none","_seopress_titles_title":"","_seopress_titles_desc":"","_seopress_robots_index":"","colormag_page_container_layout":"default_layout","colormag_page_sidebar_layout":"default_layout","footnotes":""},"categories":[1],"tags":[],"class_list":["post-42038","post","type-post","status-publish","format-standard","has-post-thumbnail","hentry","category-destacadas"],"acf":[],"_links":{"self":[{"href":"https:\/\/vocesparalelas.com.ar\/sitio\/wp-json\/wp\/v2\/posts\/42038","targetHints":{"allow":["GET"]}}],"collection":[{"href":"https:\/\/vocesparalelas.com.ar\/sitio\/wp-json\/wp\/v2\/posts"}],"about":[{"href":"https:\/\/vocesparalelas.com.ar\/sitio\/wp-json\/wp\/v2\/types\/post"}],"author":[{"embeddable":true,"href":"https:\/\/vocesparalelas.com.ar\/sitio\/wp-json\/wp\/v2\/users\/3"}],"replies":[{"embeddable":true,"href":"https:\/\/vocesparalelas.com.ar\/sitio\/wp-json\/wp\/v2\/comments?post=42038"}],"version-history":[{"count":1,"href":"https:\/\/vocesparalelas.com.ar\/sitio\/wp-json\/wp\/v2\/posts\/42038\/revisions"}],"predecessor-version":[{"id":42040,"href":"https:\/\/vocesparalelas.com.ar\/sitio\/wp-json\/wp\/v2\/posts\/42038\/revisions\/42040"}],"wp:featuredmedia":[{"embeddable":true,"href":"https:\/\/vocesparalelas.com.ar\/sitio\/wp-json\/wp\/v2\/media\/41814"}],"wp:attachment":[{"href":"https:\/\/vocesparalelas.com.ar\/sitio\/wp-json\/wp\/v2\/media?parent=42038"}],"wp:term":[{"taxonomy":"category","embeddable":true,"href":"https:\/\/vocesparalelas.com.ar\/sitio\/wp-json\/wp\/v2\/categories?post=42038"},{"taxonomy":"post_tag","embeddable":true,"href":"https:\/\/vocesparalelas.com.ar\/sitio\/wp-json\/wp\/v2\/tags?post=42038"}],"curies":[{"name":"wp","href":"https:\/\/api.w.org\/{rel}","templated":true}]}}