{"id":42002,"date":"2021-09-18T12:17:33","date_gmt":"2021-09-18T15:17:33","guid":{"rendered":"https:\/\/vocesparalelas.com.ar\/sitio\/?p=42002"},"modified":"2021-09-21T02:08:08","modified_gmt":"2021-09-21T05:08:08","slug":"oferta-educativa-2021-de-la-unsj-estudia-en-la-nacional","status":"publish","type":"post","link":"https:\/\/vocesparalelas.com.ar\/sitio\/oferta-educativa-2021-de-la-unsj-estudia-en-la-nacional\/","title":{"rendered":"Oferta Educativa 2021 de la UNSJ \u00abEstudi\u00e1 en la Nacional\u00bb"},"content":{"rendered":"<p>El 30 de Septiembre de 2021, comienza la Oferta Educativa de San Juan que ofrece las carreras Universitarias y Terciaria de San Juan.<\/p>\n<p>Para ello, se unen la Universidad Nacional de San Juan; el Ministerio de Educaci\u00f3n del Gobierno de San Juan y la Universidad Cat\u00f3lica de Cuyo.<\/p>\n<p>Es importante destacar que, la Oferta Educativa es online y que los estudiantes o interesados en conocer las carreras universitarias o no universitarias pueden visitar dichos espacios. Adem\u00e1s, es una oportunidad para aquellos interesados que viven en otros departament0s de San Juan, en otras provincias de Argentina o en otros pa\u00edses del mundo.<\/p>\n<p>Tambi\u00e9n, es el momento de decidir para aquellos interesados de terminar lo que qued\u00f3 inconcluso o para aquellos que deseen iniciar una carrera universitaria que ofrece \u00abEstudi\u00e1 en la Nacional\u00bb de la Universidad Nacional de San Juan o de otra instituci\u00f3n.<\/p>\n<p>La Universidad Nacional de San Juan contiene 6 Unidades Acad\u00e9micas<\/p>\n<ul>\n<li>Facultad de Ingenier\u00eda<\/li>\n<li>Facultad de Filosof\u00eda, Humanidades y Artes<\/li>\n<li>Facultad de Ciencias Sociales<\/li>\n<li>Facultad de Ciencias Exactas, F\u00edsicas y Naturales<\/li>\n<li>Facultad de Arquitectura, Urbanismo y Dise\u00f1o<\/li>\n<li>Escuela Universitaria Ciencias de la Salud<\/li>\n<\/ul>\n<p>Por ello, Voces Paralelas desarroll\u00f3 una entrevista period\u00edstica a la Secretaria de Extensi\u00f3n de la UNSJ, Dra. Laura Garc\u00e9s, quien explic\u00f3 lo que significa la Oferta Universitaria 2021 online y que quedar\u00e1 durante todo el a\u00f1o 2021 para que los interesados tengan la oportunidad lo que ofrece \u00abEstudi\u00e1 en la Nacional\u00bb de la Universidad Nacional de San Juan.<\/p>\n<p><img loading=\"lazy\" decoding=\"async\" class=\"wp-image-41990 size-full\" src=\"https:\/\/vocesparalelas.com.ar\/sitio\/wp-content\/uploads\/2021\/09\/UNSJ-LAURA-GARCES-01.jpg\" alt=\"\" width=\"800\" height=\"533\" srcset=\"https:\/\/vocesparalelas.com.ar\/sitio\/wp-content\/uploads\/2021\/09\/UNSJ-LAURA-GARCES-01.jpg 800w, https:\/\/vocesparalelas.com.ar\/sitio\/wp-content\/uploads\/2021\/09\/UNSJ-LAURA-GARCES-01-300x200.jpg 300w, https:\/\/vocesparalelas.com.ar\/sitio\/wp-content\/uploads\/2021\/09\/UNSJ-LAURA-GARCES-01-768x512.jpg 768w\" sizes=\"auto, (max-width: 800px) 100vw, 800px\" \/><\/p>\n<p>Secretaria de Extensi\u00f3n de la UNSJ, Dra. Laura Garc\u00e9s<\/p>\n<p><iframe loading=\"lazy\" title=\"UNSJ FEDU DRA. LAURA GARCES\" width=\"800\" height=\"450\" src=\"https:\/\/www.youtube.com\/embed\/vKj_pmG7FrI?feature=oembed\" frameborder=\"0\" allow=\"accelerometer; autoplay; clipboard-write; encrypted-media; gyroscope; picture-in-picture\" allowfullscreen><\/iframe><\/p>\n<p>&nbsp;<\/p>\n<p><img loading=\"lazy\" decoding=\"async\" class=\"alignnone wp-image-37900 size-full\" src=\"https:\/\/vocesparalelas.com.ar\/sitio\/wp-content\/uploads\/2021\/05\/UNSJ-LOGOTIPO-01.jpg\" alt=\"\" width=\"800\" height=\"533\" srcset=\"https:\/\/vocesparalelas.com.ar\/sitio\/wp-content\/uploads\/2021\/05\/UNSJ-LOGOTIPO-01.jpg 800w, https:\/\/vocesparalelas.com.ar\/sitio\/wp-content\/uploads\/2021\/05\/UNSJ-LOGOTIPO-01-300x200.jpg 300w, https:\/\/vocesparalelas.com.ar\/sitio\/wp-content\/uploads\/2021\/05\/UNSJ-LOGOTIPO-01-768x512.jpg 768w\" sizes=\"auto, (max-width: 800px) 100vw, 800px\" \/><\/p>\n","protected":false},"excerpt":{"rendered":"<p>El 30 de Septiembre de 2021, comienza la Oferta Educativa de San Juan que ofrece las carreras Universitarias y Terciaria<\/p>\n","protected":false},"author":3,"featured_media":41991,"comment_status":"closed","ping_status":"closed","sticky":false,"template":"","format":"video","meta":{"_acf_changed":false,"_seopress_robots_primary_cat":"none","_seopress_titles_title":"","_seopress_titles_desc":"","_seopress_robots_index":"","colormag_page_container_layout":"default_layout","colormag_page_sidebar_layout":"default_layout","footnotes":""},"categories":[2,7],"tags":[],"class_list":["post-42002","post","type-post","status-publish","format-video","has-post-thumbnail","hentry","category-convocatorias","category-videos","post_format-post-format-video"],"acf":[],"_links":{"self":[{"href":"https:\/\/vocesparalelas.com.ar\/sitio\/wp-json\/wp\/v2\/posts\/42002","targetHints":{"allow":["GET"]}}],"collection":[{"href":"https:\/\/vocesparalelas.com.ar\/sitio\/wp-json\/wp\/v2\/posts"}],"about":[{"href":"https:\/\/vocesparalelas.com.ar\/sitio\/wp-json\/wp\/v2\/types\/post"}],"author":[{"embeddable":true,"href":"https:\/\/vocesparalelas.com.ar\/sitio\/wp-json\/wp\/v2\/users\/3"}],"replies":[{"embeddable":true,"href":"https:\/\/vocesparalelas.com.ar\/sitio\/wp-json\/wp\/v2\/comments?post=42002"}],"version-history":[{"count":6,"href":"https:\/\/vocesparalelas.com.ar\/sitio\/wp-json\/wp\/v2\/posts\/42002\/revisions"}],"predecessor-version":[{"id":42016,"href":"https:\/\/vocesparalelas.com.ar\/sitio\/wp-json\/wp\/v2\/posts\/42002\/revisions\/42016"}],"wp:featuredmedia":[{"embeddable":true,"href":"https:\/\/vocesparalelas.com.ar\/sitio\/wp-json\/wp\/v2\/media\/41991"}],"wp:attachment":[{"href":"https:\/\/vocesparalelas.com.ar\/sitio\/wp-json\/wp\/v2\/media?parent=42002"}],"wp:term":[{"taxonomy":"category","embeddable":true,"href":"https:\/\/vocesparalelas.com.ar\/sitio\/wp-json\/wp\/v2\/categories?post=42002"},{"taxonomy":"post_tag","embeddable":true,"href":"https:\/\/vocesparalelas.com.ar\/sitio\/wp-json\/wp\/v2\/tags?post=42002"}],"curies":[{"name":"wp","href":"https:\/\/api.w.org\/{rel}","templated":true}]}}