{"id":41998,"date":"2021-09-17T21:52:43","date_gmt":"2021-09-18T00:52:43","guid":{"rendered":"https:\/\/vocesparalelas.com.ar\/sitio\/?p=41998"},"modified":"2021-09-18T01:52:58","modified_gmt":"2021-09-18T04:52:58","slug":"nuevos-integrantes-del-gabinete-nacional-de-la-republica-argentina","status":"publish","type":"post","link":"https:\/\/vocesparalelas.com.ar\/sitio\/nuevos-integrantes-del-gabinete-nacional-de-la-republica-argentina\/","title":{"rendered":"Nuevos integrantes del gabinete nacional de la Rep\u00fablica Argentina"},"content":{"rendered":"<p>El presidente de la Rep\u00fablica Argentina, Dr. Alberto Fern\u00e1ndez confirm\u00f3 los nuevos integrantes del gabinete nacional, quedando conformado:<\/p>\n<ul>\n<li>Juan Manzur, Jefe de Gabinete de Ministros<\/li>\n<li>Santiago Cafiero, Ministerio de Relaciones Exteriores y Culto<\/li>\n<li>An\u00edbal Fern\u00e1ndez, Ministerio de Seguridad<\/li>\n<li>Juli\u00e1n Dom\u00ednguez, Ministro de Ganader\u00eda, Agricultura y Pesca<\/li>\n<li>Jaime Perzyck, Ministro de Educaci\u00f3n<\/li>\n<li>Daniel Filmus, Ministro de Ciencia y Tecnolog\u00eda<\/li>\n<li>Juan Ross, Secretario de Comunicaci\u00f3n y Prensa.<\/li>\n<\/ul>\n<p>El mandatario resalt\u00f3 y agradeci\u00f3 el trabajo realizado por los funcionarios salientes y recibi\u00f3 el compromiso en esta nueva etapa de los ministros designados.<\/p>\n<p>La jura de los nuevos integrantes del gabinete nacional, se desarrolla el Lunes, 20 de Septiembre, a las 16 hs.; en Casa Rosada.<\/p>\n","protected":false},"excerpt":{"rendered":"<p>El presidente de la Rep\u00fablica Argentina, Dr. Alberto Fern\u00e1ndez confirm\u00f3 los nuevos integrantes del gabinete nacional, quedando conformado: Juan Manzur,<\/p>\n","protected":false},"author":3,"featured_media":42000,"comment_status":"closed","ping_status":"closed","sticky":false,"template":"","format":"standard","meta":{"_acf_changed":false,"_seopress_robots_primary_cat":"none","_seopress_titles_title":"","_seopress_titles_desc":"","_seopress_robots_index":"","colormag_page_container_layout":"default_layout","colormag_page_sidebar_layout":"default_layout","footnotes":""},"categories":[1],"tags":[],"class_list":["post-41998","post","type-post","status-publish","format-standard","has-post-thumbnail","hentry","category-destacadas"],"acf":[],"_links":{"self":[{"href":"https:\/\/vocesparalelas.com.ar\/sitio\/wp-json\/wp\/v2\/posts\/41998","targetHints":{"allow":["GET"]}}],"collection":[{"href":"https:\/\/vocesparalelas.com.ar\/sitio\/wp-json\/wp\/v2\/posts"}],"about":[{"href":"https:\/\/vocesparalelas.com.ar\/sitio\/wp-json\/wp\/v2\/types\/post"}],"author":[{"embeddable":true,"href":"https:\/\/vocesparalelas.com.ar\/sitio\/wp-json\/wp\/v2\/users\/3"}],"replies":[{"embeddable":true,"href":"https:\/\/vocesparalelas.com.ar\/sitio\/wp-json\/wp\/v2\/comments?post=41998"}],"version-history":[{"count":1,"href":"https:\/\/vocesparalelas.com.ar\/sitio\/wp-json\/wp\/v2\/posts\/41998\/revisions"}],"predecessor-version":[{"id":42001,"href":"https:\/\/vocesparalelas.com.ar\/sitio\/wp-json\/wp\/v2\/posts\/41998\/revisions\/42001"}],"wp:featuredmedia":[{"embeddable":true,"href":"https:\/\/vocesparalelas.com.ar\/sitio\/wp-json\/wp\/v2\/media\/42000"}],"wp:attachment":[{"href":"https:\/\/vocesparalelas.com.ar\/sitio\/wp-json\/wp\/v2\/media?parent=41998"}],"wp:term":[{"taxonomy":"category","embeddable":true,"href":"https:\/\/vocesparalelas.com.ar\/sitio\/wp-json\/wp\/v2\/categories?post=41998"},{"taxonomy":"post_tag","embeddable":true,"href":"https:\/\/vocesparalelas.com.ar\/sitio\/wp-json\/wp\/v2\/tags?post=41998"}],"curies":[{"name":"wp","href":"https:\/\/api.w.org\/{rel}","templated":true}]}}