{"id":41962,"date":"2021-09-17T21:12:15","date_gmt":"2021-09-18T00:12:15","guid":{"rendered":"https:\/\/vocesparalelas.com.ar\/sitio\/?p=41962"},"modified":"2021-09-17T23:25:00","modified_gmt":"2021-09-18T02:25:00","slug":"coordinan-tareas-de-cooperacion-entre-la-unsj-y-la-seayds","status":"publish","type":"post","link":"https:\/\/vocesparalelas.com.ar\/sitio\/coordinan-tareas-de-cooperacion-entre-la-unsj-y-la-seayds\/","title":{"rendered":"Coordinan tareas de cooperaci\u00f3n entre la UNSJ y la SEAyDS"},"content":{"rendered":"<p>Las autoridades de la Secretar\u00eda de Estado de Ambiente y Desarrollo Sustentable del Gobierno de San Juan participaron de la reuni\u00f3n con las autoridades de la Universidad Nacional de San Juan, para coordinar tareas de cooperaci\u00f3n entre ambas instituciones.<\/p>\n<p>El equipo de la Secretar\u00eda de Ambiente estuvo integrada por el secretario de Estado de Ambiente y Desarrollo Sustentable, Lic. Ra\u00fal Tello; adem\u00e1s participaron el subsecretario de Conservaci\u00f3n y Desarrollo Sustentable, Ing. Jorge Scellato; el subsecretario administrativo contable, Dr. Gustavo Mercado; el subsecretario de Residuos S\u00f3lidos Urbanos, D.I. Sergio Espinoza; la directora de Articulaci\u00f3n, Dra. Laura Assandri; la directora del Centro de Educaci\u00f3n e Investigaci\u00f3n Ambiental Anchipurac, Arq. Claudia Agnelli y la directora de Educaci\u00f3n Ambiental, Prof. Susana Carrizo. La Universidad Nacional de San Juan, estuvo representada por el rector Mag. Ing. Tadeo Berenguer y la vicerrectora Dra. Anal\u00eda Ponce.<\/p>\n<p>A fin de continuar trabajando de manera conjunta, tal como se viene desarrollando desde hace varios a\u00f1os, representantes de estas dos entidades trabajan para establecer nuevas estrategias, pol\u00edticas, acciones en base a los objetivos que posee este nuevo equipo de trabajo de la UNSJ.<\/p>\n<p>Autoridades de la Secretar\u00eda hicieron referencia a las diferentes actas complementarias y convenios que vinculan a ambas entidades, adem\u00e1s de manifestar que se encuentra predispuesta a seguir trabajando en conjunto de manera colaborativa. Por su parte el rector Berenguer manifest\u00f3 su inter\u00e9s en elaborar un Plan de Gesti\u00f3n Ambiental para todos los edificios y dependencias de la casa de altos estudios, en los pr\u00f3ximos d\u00edas comenzar\u00e1n a trabajar en este tema.<\/p>\n","protected":false},"excerpt":{"rendered":"<p>Las autoridades de la Secretar\u00eda de Estado de Ambiente y Desarrollo Sustentable del Gobierno de San Juan participaron de la<\/p>\n","protected":false},"author":3,"featured_media":41964,"comment_status":"closed","ping_status":"closed","sticky":false,"template":"","format":"standard","meta":{"_acf_changed":false,"_seopress_robots_primary_cat":"none","_seopress_titles_title":"","_seopress_titles_desc":"","_seopress_robots_index":"","colormag_page_container_layout":"default_layout","colormag_page_sidebar_layout":"default_layout","footnotes":""},"categories":[1],"tags":[],"class_list":["post-41962","post","type-post","status-publish","format-standard","has-post-thumbnail","hentry","category-destacadas"],"acf":[],"_links":{"self":[{"href":"https:\/\/vocesparalelas.com.ar\/sitio\/wp-json\/wp\/v2\/posts\/41962","targetHints":{"allow":["GET"]}}],"collection":[{"href":"https:\/\/vocesparalelas.com.ar\/sitio\/wp-json\/wp\/v2\/posts"}],"about":[{"href":"https:\/\/vocesparalelas.com.ar\/sitio\/wp-json\/wp\/v2\/types\/post"}],"author":[{"embeddable":true,"href":"https:\/\/vocesparalelas.com.ar\/sitio\/wp-json\/wp\/v2\/users\/3"}],"replies":[{"embeddable":true,"href":"https:\/\/vocesparalelas.com.ar\/sitio\/wp-json\/wp\/v2\/comments?post=41962"}],"version-history":[{"count":3,"href":"https:\/\/vocesparalelas.com.ar\/sitio\/wp-json\/wp\/v2\/posts\/41962\/revisions"}],"predecessor-version":[{"id":41967,"href":"https:\/\/vocesparalelas.com.ar\/sitio\/wp-json\/wp\/v2\/posts\/41962\/revisions\/41967"}],"wp:featuredmedia":[{"embeddable":true,"href":"https:\/\/vocesparalelas.com.ar\/sitio\/wp-json\/wp\/v2\/media\/41964"}],"wp:attachment":[{"href":"https:\/\/vocesparalelas.com.ar\/sitio\/wp-json\/wp\/v2\/media?parent=41962"}],"wp:term":[{"taxonomy":"category","embeddable":true,"href":"https:\/\/vocesparalelas.com.ar\/sitio\/wp-json\/wp\/v2\/categories?post=41962"},{"taxonomy":"post_tag","embeddable":true,"href":"https:\/\/vocesparalelas.com.ar\/sitio\/wp-json\/wp\/v2\/tags?post=41962"}],"curies":[{"name":"wp","href":"https:\/\/api.w.org\/{rel}","templated":true}]}}