{"id":41956,"date":"2021-09-17T00:10:20","date_gmt":"2021-09-17T03:10:20","guid":{"rendered":"https:\/\/vocesparalelas.com.ar\/sitio\/?p=41956"},"modified":"2021-09-18T23:39:56","modified_gmt":"2021-09-19T02:39:56","slug":"medidas-sanitarias-en-san-juan-contra-el-covid-19","status":"publish","type":"post","link":"https:\/\/vocesparalelas.com.ar\/sitio\/medidas-sanitarias-en-san-juan-contra-el-covid-19\/","title":{"rendered":"Medidas Sanitarias en San Juan contra el COVID-19"},"content":{"rendered":"<p>El Gobierno de San Juan, a trav\u00e9s del Comit\u00e9 COVID-19, comunica la implementaci\u00f3n de nuevas medidas en el marco de la pandemia de coronavirus.<\/p>\n<p>Apelando a la responsabilidad individual, social y la colaboraci\u00f3n de los sanjuaninos, las medidas dispuestas por el Ejecutivo provincial a trav\u00e9s del Decreto Acuerdo N\u00ba44 entrar\u00e1n en vigencia a partir del 17 de septiembre. Independientemente de dem\u00e1s normas y protocolos vigentes se dispone espec\u00edficamente que:<\/p>\n<ol>\n<li><em>a) El transporte p\u00fablico queda habilitado para la totalidad de los pasajeros sentados, hasta 20 personas de pie y con ventanillas abiertas favoreciendo la circulaci\u00f3n cruzada.<\/em><\/li>\n<li><em>b) Se habilitan las celebraciones de culto comunitarias, las actividades comerciales, deportivas, culturales y sociales de manera continua o discontinua, con factor de ocupaci\u00f3n de hasta el 70% de capacidad.<\/em><\/li>\n<li><em>c) Restoranes, caf\u00e9s, discotecas, bares y salones de eventos o similares: 70% factor ocupaci\u00f3n. Horarios autorizados de acuerdo a lo previsto por\u00a0Ley N\u00ba 687-P. Podr\u00e1n realizar espect\u00e1culos art\u00edsticos, musicales o shows en vivo, respetando los protocolos debidamente aprobados.<\/em><\/li>\n<li><em>d) Los espect\u00e1culos culturales, art\u00edsticos o deportivos que superen la cantidad de 200 personas, deber\u00e1n contar con la autorizaci\u00f3n del Comit\u00e9 Covid, tramitada a trav\u00e9s del \u00e1rea correspondiente. Para la autorizaci\u00f3n, deber\u00e1n presentar previamente los protocolos necesarios.<\/em><\/li>\n<\/ol>\n<p><em>e) Fac\u00faltase a los distintos ministerios y secretar\u00edas de Estado, en el \u00e1rea de sus competencias, a emitir las resoluciones necesarias para la interpretaci\u00f3n, implementaci\u00f3n y reglamentaci\u00f3n de este Decreto Acuerdo.<\/em><\/p>\n","protected":false},"excerpt":{"rendered":"<p>El Gobierno de San Juan, a trav\u00e9s del Comit\u00e9 COVID-19, comunica la implementaci\u00f3n de nuevas medidas en el marco de<\/p>\n","protected":false},"author":3,"featured_media":1245,"comment_status":"closed","ping_status":"closed","sticky":false,"template":"","format":"standard","meta":{"_acf_changed":false,"_seopress_robots_primary_cat":"none","_seopress_titles_title":"","_seopress_titles_desc":"","_seopress_robots_index":"","colormag_page_container_layout":"default_layout","colormag_page_sidebar_layout":"default_layout","footnotes":""},"categories":[6],"tags":[],"class_list":["post-41956","post","type-post","status-publish","format-standard","has-post-thumbnail","hentry","category-eventos"],"acf":[],"_links":{"self":[{"href":"https:\/\/vocesparalelas.com.ar\/sitio\/wp-json\/wp\/v2\/posts\/41956","targetHints":{"allow":["GET"]}}],"collection":[{"href":"https:\/\/vocesparalelas.com.ar\/sitio\/wp-json\/wp\/v2\/posts"}],"about":[{"href":"https:\/\/vocesparalelas.com.ar\/sitio\/wp-json\/wp\/v2\/types\/post"}],"author":[{"embeddable":true,"href":"https:\/\/vocesparalelas.com.ar\/sitio\/wp-json\/wp\/v2\/users\/3"}],"replies":[{"embeddable":true,"href":"https:\/\/vocesparalelas.com.ar\/sitio\/wp-json\/wp\/v2\/comments?post=41956"}],"version-history":[{"count":1,"href":"https:\/\/vocesparalelas.com.ar\/sitio\/wp-json\/wp\/v2\/posts\/41956\/revisions"}],"predecessor-version":[{"id":41958,"href":"https:\/\/vocesparalelas.com.ar\/sitio\/wp-json\/wp\/v2\/posts\/41956\/revisions\/41958"}],"wp:featuredmedia":[{"embeddable":true,"href":"https:\/\/vocesparalelas.com.ar\/sitio\/wp-json\/wp\/v2\/media\/1245"}],"wp:attachment":[{"href":"https:\/\/vocesparalelas.com.ar\/sitio\/wp-json\/wp\/v2\/media?parent=41956"}],"wp:term":[{"taxonomy":"category","embeddable":true,"href":"https:\/\/vocesparalelas.com.ar\/sitio\/wp-json\/wp\/v2\/categories?post=41956"},{"taxonomy":"post_tag","embeddable":true,"href":"https:\/\/vocesparalelas.com.ar\/sitio\/wp-json\/wp\/v2\/tags?post=41956"}],"curies":[{"name":"wp","href":"https:\/\/api.w.org\/{rel}","templated":true}]}}