{"id":41942,"date":"2021-09-16T22:58:32","date_gmt":"2021-09-17T01:58:32","guid":{"rendered":"https:\/\/vocesparalelas.com.ar\/sitio\/?p=41942"},"modified":"2021-09-18T12:42:54","modified_gmt":"2021-09-18T15:42:54","slug":"comienzan-las-tutorias-gratuitas-presenciales-para-alumnos-secundarios-de-san-juan","status":"publish","type":"post","link":"https:\/\/vocesparalelas.com.ar\/sitio\/comienzan-las-tutorias-gratuitas-presenciales-para-alumnos-secundarios-de-san-juan\/","title":{"rendered":"Comienzan las tutor\u00edas gratuitas presenciales para alumnos secundarios de San Juan"},"content":{"rendered":"<p>El Ministerio de Educaci\u00f3n del Gobierno de San Juan informa que desde el S\u00e1bado, 18 de Septiembre, de 8 a 12.30 horas, comienzan las tutor\u00edas gratuitas presenciales en distintos departamentos, con el prop\u00f3sito de acompa\u00f1ar en el fortalecimiento a los estudiantes secundarios que se encuentran en proceso de promoci\u00f3n acompa\u00f1ada (EPPA) 2020.<\/p>\n<p>El acompa\u00f1amiento se realiza en algunos espacios curriculares y el resto contin\u00faa en forma no presencial (virtual),\u00a0de acuerdo al siguiente detalle:<\/p>\n<p><img loading=\"lazy\" decoding=\"async\" class=\"alignnone wp-image-41944 size-full\" src=\"https:\/\/vocesparalelas.com.ar\/sitio\/wp-content\/uploads\/2021\/09\/EDUCACION-SECO-01.jpg\" alt=\"\" width=\"590\" height=\"216\" srcset=\"https:\/\/vocesparalelas.com.ar\/sitio\/wp-content\/uploads\/2021\/09\/EDUCACION-SECO-01.jpg 590w, https:\/\/vocesparalelas.com.ar\/sitio\/wp-content\/uploads\/2021\/09\/EDUCACION-SECO-01-300x110.jpg 300w\" sizes=\"auto, (max-width: 590px) 100vw, 590px\" \/><\/p>\n<p>&nbsp;<\/p>\n<p>A estas Escuelas Sedes se suman las que ya vienen trabajando desde lo presencial en departamentos alejados:<\/p>\n<p>&nbsp;<\/p>\n<p><img loading=\"lazy\" decoding=\"async\" class=\"alignnone wp-image-41945 size-full\" src=\"https:\/\/vocesparalelas.com.ar\/sitio\/wp-content\/uploads\/2021\/09\/EDUCACION-SECO-02.jpg\" alt=\"\" width=\"582\" height=\"196\" srcset=\"https:\/\/vocesparalelas.com.ar\/sitio\/wp-content\/uploads\/2021\/09\/EDUCACION-SECO-02.jpg 582w, https:\/\/vocesparalelas.com.ar\/sitio\/wp-content\/uploads\/2021\/09\/EDUCACION-SECO-02-300x101.jpg 300w\" sizes=\"auto, (max-width: 582px) 100vw, 582px\" \/><\/p>\n<p>&nbsp;<\/p>\n<p>Los departamentos donde los estudiantes que seguir\u00edan en forma\u00a0no presencial (virtual)\u00a0son:<\/p>\n<ul>\n<li>Valle F\u00e9rtil<\/li>\n<li>Iglesia<\/li>\n<li>Albard\u00f3n<\/li>\n<li>San Mart\u00edn<\/li>\n<li>9 de Julio<\/li>\n<li>25 de Mayo<\/li>\n<\/ul>\n<p>Los interesados deben inscribirse en\u00a0<a href=\"https:\/\/n9.cl\/prasir-secundaria\">ingresando a este enlace<\/a>.<\/p>\n<p>Por mayor informaci\u00f3n o consultas:<\/p>\n<ul>\n<li>V\u00eda e-mail a\u00a0<span id=\"cloak52ffc325c166790b31f13430171a5c4a\"><a href=\"mailto:prasir.secundaria@gmail.com\">prasir.secundaria@gmail.com<\/a><\/span><\/li>\n<li>O a los siguientes tel\u00e9fonos:\n<ul>\n<li>Educaci\u00f3n Secundaria: 430-5817<\/li>\n<li>WhatsApp: 264-6236040 (solo mensajes de WhatsApp)<\/li>\n<\/ul>\n<\/li>\n<\/ul>\n","protected":false},"excerpt":{"rendered":"<p>El Ministerio de Educaci\u00f3n del Gobierno de San Juan informa que desde el S\u00e1bado, 18 de Septiembre, de 8 a<\/p>\n","protected":false},"author":3,"featured_media":41946,"comment_status":"closed","ping_status":"closed","sticky":false,"template":"","format":"standard","meta":{"_acf_changed":false,"_seopress_robots_primary_cat":"none","_seopress_titles_title":"","_seopress_titles_desc":"","_seopress_robots_index":"","colormag_page_container_layout":"default_layout","colormag_page_sidebar_layout":"default_layout","footnotes":""},"categories":[5],"tags":[],"class_list":["post-41942","post","type-post","status-publish","format-standard","has-post-thumbnail","hentry","category-ofrecimientos"],"acf":[],"_links":{"self":[{"href":"https:\/\/vocesparalelas.com.ar\/sitio\/wp-json\/wp\/v2\/posts\/41942","targetHints":{"allow":["GET"]}}],"collection":[{"href":"https:\/\/vocesparalelas.com.ar\/sitio\/wp-json\/wp\/v2\/posts"}],"about":[{"href":"https:\/\/vocesparalelas.com.ar\/sitio\/wp-json\/wp\/v2\/types\/post"}],"author":[{"embeddable":true,"href":"https:\/\/vocesparalelas.com.ar\/sitio\/wp-json\/wp\/v2\/users\/3"}],"replies":[{"embeddable":true,"href":"https:\/\/vocesparalelas.com.ar\/sitio\/wp-json\/wp\/v2\/comments?post=41942"}],"version-history":[{"count":1,"href":"https:\/\/vocesparalelas.com.ar\/sitio\/wp-json\/wp\/v2\/posts\/41942\/revisions"}],"predecessor-version":[{"id":41947,"href":"https:\/\/vocesparalelas.com.ar\/sitio\/wp-json\/wp\/v2\/posts\/41942\/revisions\/41947"}],"wp:featuredmedia":[{"embeddable":true,"href":"https:\/\/vocesparalelas.com.ar\/sitio\/wp-json\/wp\/v2\/media\/41946"}],"wp:attachment":[{"href":"https:\/\/vocesparalelas.com.ar\/sitio\/wp-json\/wp\/v2\/media?parent=41942"}],"wp:term":[{"taxonomy":"category","embeddable":true,"href":"https:\/\/vocesparalelas.com.ar\/sitio\/wp-json\/wp\/v2\/categories?post=41942"},{"taxonomy":"post_tag","embeddable":true,"href":"https:\/\/vocesparalelas.com.ar\/sitio\/wp-json\/wp\/v2\/tags?post=41942"}],"curies":[{"name":"wp","href":"https:\/\/api.w.org\/{rel}","templated":true}]}}